{"id":7894,"date":"2021-03-19T12:49:26","date_gmt":"2021-03-19T10:49:26","guid":{"rendered":"https:\/\/invego.ee\/tiskreoja\/?p=7894"},"modified":"2021-03-19T12:55:33","modified_gmt":"2021-03-19T10:55:33","slug":"varske-elaniku-muljed-monus-kodutunne-on-juba-tekkinud","status":"publish","type":"post","link":"https:\/\/invego.ee\/tiskreoja\/blogi\/varske-elaniku-muljed-monus-kodutunne-on-juba-tekkinud\/","title":{"rendered":"V\u00e4rske elaniku muljed: m\u00f5nus kodutunne on juba tekkinud"},"content":{"rendered":"\n<p><strong>Aasta eelviimasel p\u00e4eval uude Tiskreoja-koju sisse kolinud Ott Lepmets jagab oma esimesi muljeid.<\/strong><\/p>\n\n\n\n<p>Tallinnas vandeadvokaadina t\u00f6\u00f6tava Oti s\u00f5nul otsustas ta uut elukohta valides Tiskreoja kasuks, kuna hinna ja kvaliteedi suhe on h\u00e4sti paigas. &#8220;Majad on kvaliteetselt ehitatud ja m\u00f5istliku hinnaga, asukoht on samuti hea,&#8221; kirjeldab v\u00e4rske elanik ise ja \u00fctleb, et oluline oli ka valik ehk piisavalt palju eri suurusega kortereid. Kodud on valgusk\u00fcllased, suurte akende ja r\u00f5dudega, arhitektuur on kaasaegne ja kena ning seinad ei kostu l\u00e4bi.<\/p>\n\n\n\n<p>\u00dcmbritseva keskkonna puhul kiidab ta Tiskreoja loodusl\u00e4hedust \u2013 vanemate ja suuremate puude ning p\u00f5\u00f5saste s\u00e4ilitamine on tema s\u00f5nul t\u00e4htis. &#8220;N\u00fc\u00fcd tuleb veel oodata kuni ka uus haljastus kenasti kasvama hakkab,&#8221; lisab Ott ja r\u00f5hutab, et kergliiklusteed, m\u00e4nguv\u00e4ljak ja valgustuslahendus annavad palju juurde. &#8220;V\u00e4lij\u00f5usaali olulisus tuleb sel kevadel muidugi eriliselt esile, kuna tavap\u00e4raste spordiklubide uksed on suletud,&#8221; lisab ta.<\/p>\n\n\n\n<p>Naabritega tutvumine v\u00f5tab veel aega, aga t\u00e4nu Facebookis tekkinud Tiskreoja elanike kommuunile, paneb Ott vaikselt naabrite nimed ja n\u00e4od kokku. &#8220;Eks me j\u00f5uam tutvuda, kuna \u00fchist korraldamist on algusaegadel isegi rohkem oodata, n\u00e4iteks kogu pr\u00fcgimajandus vajab veel sisse t\u00f6\u00f6tamist,&#8221; arutleb ta, kuid v\u00f5tab siis esimese paari kuu emotsioonid kokku lihtsa lausega: &#8220;Igatahes on juba tekkinud m\u00f5nus kodutunne!&#8221;<\/p>\n","protected":false},"excerpt":{"rendered":"","protected":false},"author":5,"featured_media":7349,"comment_status":"open","ping_status":"open","sticky":false,"template":"","format":"standard","meta":{"_acf_changed":false,"inline_featured_image":false,"advgb_blocks_editor_width":"","advgb_blocks_columns_visual_guide":"","_exactmetrics_skip_tracking":false,"_exactmetrics_sitenote_active":false,"_exactmetrics_sitenote_note":"","_exactmetrics_sitenote_category":0,"footnotes":""},"categories":[4],"tags":[],"class_list":["post-7894","post","type-post","status-publish","format-standard","has-post-thumbnail","hentry","category-blogi"],"acf":[],"yoast_head":"<!-- This site is optimized with the Yoast SEO plugin v24.9 - https:\/\/yoast.com\/wordpress\/plugins\/seo\/ -->\n<title>V\u00e4rske elaniku muljed: m\u00f5nus kodutunne on juba tekkinud<\/title>\n<meta name=\"robots\" content=\"index, follow, max-snippet:-1, max-image-preview:large, max-video-preview:-1\" \/>\n<link rel=\"canonical\" href=\"https:\/\/invego.ee\/tiskreoja\/blogi\/varske-elaniku-muljed-monus-kodutunne-on-juba-tekkinud\/\" \/>\n<meta property=\"og:locale\" content=\"et_EE\" \/>\n<meta property=\"og:type\" content=\"article\" \/>\n<meta property=\"og:title\" content=\"V\u00e4rske elaniku muljed: m\u00f5nus kodutunne on juba tekkinud\" \/>\n<meta property=\"og:url\" content=\"https:\/\/invego.ee\/tiskreoja\/blogi\/varske-elaniku-muljed-monus-kodutunne-on-juba-tekkinud\/\" \/>\n<meta property=\"og:site_name\" content=\"Tiskreoja - loome tulevikustandardi\" \/>\n<meta property=\"article:published_time\" content=\"2021-03-19T10:49:26+00:00\" \/>\n<meta property=\"article:modified_time\" content=\"2021-03-19T10:55:33+00:00\" \/>\n<meta property=\"og:image\" content=\"https:\/\/invego.ee\/tiskreoja\/wp-content\/uploads\/2021\/02\/Maja_2_Korter_2_-scaled.jpg\" \/>\n\t<meta property=\"og:image:width\" content=\"2542\" \/>\n\t<meta property=\"og:image:height\" content=\"1431\" \/>\n\t<meta property=\"og:image:type\" content=\"image\/jpeg\" \/>\n<meta name=\"author\" content=\"Heiki\" \/>\n<meta name=\"twitter:card\" content=\"summary_large_image\" \/>\n<script type=\"application\/ld+json\" class=\"yoast-schema-graph\">{\"@context\":\"https:\/\/schema.org\",\"@graph\":[{\"@type\":\"Article\",\"@id\":\"https:\/\/invego.ee\/tiskreoja\/blogi\/varske-elaniku-muljed-monus-kodutunne-on-juba-tekkinud\/#article\",\"isPartOf\":{\"@id\":\"https:\/\/invego.ee\/tiskreoja\/blogi\/varske-elaniku-muljed-monus-kodutunne-on-juba-tekkinud\/\"},\"author\":{\"name\":\"Heiki\",\"@id\":\"https:\/\/invego.ee\/tiskreoja\/#\/schema\/person\/aca914387bb0fd8e6e188a9c2ae929d3\"},\"headline\":\"V\u00e4rske elaniku muljed: m\u00f5nus kodutunne on juba tekkinud\",\"datePublished\":\"2021-03-19T10:49:26+00:00\",\"dateModified\":\"2021-03-19T10:55:33+00:00\",\"mainEntityOfPage\":{\"@id\":\"https:\/\/invego.ee\/tiskreoja\/blogi\/varske-elaniku-muljed-monus-kodutunne-on-juba-tekkinud\/\"},\"wordCount\":232,\"commentCount\":0,\"publisher\":{\"@id\":\"https:\/\/invego.ee\/tiskreoja\/#organization\"},\"image\":{\"@id\":\"https:\/\/invego.ee\/tiskreoja\/blogi\/varske-elaniku-muljed-monus-kodutunne-on-juba-tekkinud\/#primaryimage\"},\"thumbnailUrl\":\"https:\/\/invego.ee\/tiskreoja\/wp-content\/uploads\/2021\/02\/Maja_2_Korter_2_-scaled.jpg\",\"articleSection\":[\"Blogi\"],\"inLanguage\":\"et\",\"potentialAction\":[{\"@type\":\"CommentAction\",\"name\":\"Comment\",\"target\":[\"https:\/\/invego.ee\/tiskreoja\/blogi\/varske-elaniku-muljed-monus-kodutunne-on-juba-tekkinud\/#respond\"]}]},{\"@type\":\"WebPage\",\"@id\":\"https:\/\/invego.ee\/tiskreoja\/blogi\/varske-elaniku-muljed-monus-kodutunne-on-juba-tekkinud\/\",\"url\":\"https:\/\/invego.ee\/tiskreoja\/blogi\/varske-elaniku-muljed-monus-kodutunne-on-juba-tekkinud\/\",\"name\":\"V\u00e4rske elaniku muljed: m\u00f5nus kodutunne on juba tekkinud\",\"isPartOf\":{\"@id\":\"https:\/\/invego.ee\/tiskreoja\/#website\"},\"primaryImageOfPage\":{\"@id\":\"https:\/\/invego.ee\/tiskreoja\/blogi\/varske-elaniku-muljed-monus-kodutunne-on-juba-tekkinud\/#primaryimage\"},\"image\":{\"@id\":\"https:\/\/invego.ee\/tiskreoja\/blogi\/varske-elaniku-muljed-monus-kodutunne-on-juba-tekkinud\/#primaryimage\"},\"thumbnailUrl\":\"https:\/\/invego.ee\/tiskreoja\/wp-content\/uploads\/2021\/02\/Maja_2_Korter_2_-scaled.jpg\",\"datePublished\":\"2021-03-19T10:49:26+00:00\",\"dateModified\":\"2021-03-19T10:55:33+00:00\",\"breadcrumb\":{\"@id\":\"https:\/\/invego.ee\/tiskreoja\/blogi\/varske-elaniku-muljed-monus-kodutunne-on-juba-tekkinud\/#breadcrumb\"},\"inLanguage\":\"et\",\"potentialAction\":[{\"@type\":\"ReadAction\",\"target\":[\"https:\/\/invego.ee\/tiskreoja\/blogi\/varske-elaniku-muljed-monus-kodutunne-on-juba-tekkinud\/\"]}]},{\"@type\":\"ImageObject\",\"inLanguage\":\"et\",\"@id\":\"https:\/\/invego.ee\/tiskreoja\/blogi\/varske-elaniku-muljed-monus-kodutunne-on-juba-tekkinud\/#primaryimage\",\"url\":\"https:\/\/invego.ee\/tiskreoja\/wp-content\/uploads\/2021\/02\/Maja_2_Korter_2_-scaled.jpg\",\"contentUrl\":\"https:\/\/invego.ee\/tiskreoja\/wp-content\/uploads\/2021\/02\/Maja_2_Korter_2_-scaled.jpg\",\"width\":2542,\"height\":1431,\"caption\":\"ProEXR File Description =Attributes= cameraAperture (float): 20.120001 cameraFarClip (float): 0.000000 cameraFarRange (float): 10000.000000 cameraFov (float): 74.886032 cameraNearClip (float): 0.000000 cameraNearRange (float): 0.000000 cameraProjection (int): 0 cameraTargetDistance (float): 3862.480469 cameraTransform (m44f): [{0.958765, -3.72529e-009, 0.283233, 143.826}, {0.2842, -7.45058e-009, -0.955502, -2860.58}, {-1.8563e-009, 1, 0.0824386, 1378.15}, {0, 0, 0, 1}] channels (chlist) compression (compression): Zip16 dataWindow (box2i): [0, 0, 3999, 2250] displayWindow (box2i): [0, 0, 3999, 2250] gamma (float): 1.000000 lineOrder (lineOrder): Increasing Y pixelAspectRatio (float): 1.000000 screenWindowCenter (v2f): [0.000000, 0.000000] screenWindowWidth (float): 1.000000 tiles (tiledesc): [64, 64] =Channels= B (float) CESSENTIAL_Reflect.A (half) CESSENTIAL_Reflect.B (half) CESSENTIAL_Reflect.G (half) CESSENTIAL_Reflect.R (half) CESSENTIAL_Refract.A (half) CESSENTIAL_Refract.B (half) CESSENTIAL_Refract.G (half) CESSENTIAL_Refract.R (half) CMasking_ID.A (half) CMasking_ID.B (half) CMasking_ID.G (half) CMasking_ID.R (half) CMasking_WireColor.A (half) CMasking_WireColor.B (half) CMasking_WireColor.G (half) CMasking_WireColor.R (half) CShading_Alpha.A (half) CShading_Alpha.B (half) CShading_Alpha.G (half) CShading_Alpha.R (half) CShading_Beauty.A (half) CShading_Beauty.B (half) CShading_Beauty.G (half) CShading_Beauty.R (half) CShading_Shadows.A (half) CShading_Shadows.B (half) CShading_Shadows.G (half) CShading_Shadows.R (half) CTexmap.A (half) CTexmap.B (half) CTexmap.G (half) CTexmap.R (half) G (float) R (float)\"},{\"@type\":\"BreadcrumbList\",\"@id\":\"https:\/\/invego.ee\/tiskreoja\/blogi\/varske-elaniku-muljed-monus-kodutunne-on-juba-tekkinud\/#breadcrumb\",\"itemListElement\":[{\"@type\":\"ListItem\",\"position\":1,\"name\":\"Home\",\"item\":\"https:\/\/invego.ee\/tiskreoja\/\"},{\"@type\":\"ListItem\",\"position\":2,\"name\":\"V\u00e4rske elaniku muljed: m\u00f5nus kodutunne on juba tekkinud\"}]},{\"@type\":\"WebSite\",\"@id\":\"https:\/\/invego.ee\/tiskreoja\/#website\",\"url\":\"https:\/\/invego.ee\/tiskreoja\/\",\"name\":\"Tiskreoja - loome tulevikustandardi\",\"description\":\"Tiskreoja on terviklik tuleviku elukeskkond \u00fcmbritsetud roheluse ja rohkete vaba aja veetmise v\u00f5imalustega.\",\"publisher\":{\"@id\":\"https:\/\/invego.ee\/tiskreoja\/#organization\"},\"potentialAction\":[{\"@type\":\"SearchAction\",\"target\":{\"@type\":\"EntryPoint\",\"urlTemplate\":\"https:\/\/invego.ee\/tiskreoja\/?s={search_term_string}\"},\"query-input\":{\"@type\":\"PropertyValueSpecification\",\"valueRequired\":true,\"valueName\":\"search_term_string\"}}],\"inLanguage\":\"et\"},{\"@type\":\"Organization\",\"@id\":\"https:\/\/invego.ee\/tiskreoja\/#organization\",\"name\":\"Tiskreoja - loome tulevikustandardi\",\"url\":\"https:\/\/invego.ee\/tiskreoja\/\",\"logo\":{\"@type\":\"ImageObject\",\"inLanguage\":\"et\",\"@id\":\"https:\/\/invego.ee\/tiskreoja\/#\/schema\/logo\/image\/\",\"url\":\"https:\/\/invego.ee\/tiskreoja\/wp-content\/uploads\/2025\/04\/tiskreoja_logo_oranz.svg\",\"contentUrl\":\"https:\/\/invego.ee\/tiskreoja\/wp-content\/uploads\/2025\/04\/tiskreoja_logo_oranz.svg\",\"width\":157,\"height\":157,\"caption\":\"Tiskreoja - loome tulevikustandardi\"},\"image\":{\"@id\":\"https:\/\/invego.ee\/tiskreoja\/#\/schema\/logo\/image\/\"}},{\"@type\":\"Person\",\"@id\":\"https:\/\/invego.ee\/tiskreoja\/#\/schema\/person\/aca914387bb0fd8e6e188a9c2ae929d3\",\"name\":\"Heiki\",\"image\":{\"@type\":\"ImageObject\",\"inLanguage\":\"et\",\"@id\":\"https:\/\/invego.ee\/tiskreoja\/#\/schema\/person\/image\/\",\"url\":\"https:\/\/secure.gravatar.com\/avatar\/990f9aa7368b73f6d16c412f6ee08af054eacc4697e3e1b28821ad1a5f6cb6c7?s=96&d=mm&r=g\",\"contentUrl\":\"https:\/\/secure.gravatar.com\/avatar\/990f9aa7368b73f6d16c412f6ee08af054eacc4697e3e1b28821ad1a5f6cb6c7?s=96&d=mm&r=g\",\"caption\":\"Heiki\"}}]}<\/script>\n<!-- \/ Yoast SEO plugin. -->","yoast_head_json":{"title":"V\u00e4rske elaniku muljed: m\u00f5nus kodutunne on juba tekkinud","robots":{"index":"index","follow":"follow","max-snippet":"max-snippet:-1","max-image-preview":"max-image-preview:large","max-video-preview":"max-video-preview:-1"},"canonical":"https:\/\/invego.ee\/tiskreoja\/blogi\/varske-elaniku-muljed-monus-kodutunne-on-juba-tekkinud\/","og_locale":"et_EE","og_type":"article","og_title":"V\u00e4rske elaniku muljed: m\u00f5nus kodutunne on juba tekkinud","og_url":"https:\/\/invego.ee\/tiskreoja\/blogi\/varske-elaniku-muljed-monus-kodutunne-on-juba-tekkinud\/","og_site_name":"Tiskreoja - loome tulevikustandardi","article_published_time":"2021-03-19T10:49:26+00:00","article_modified_time":"2021-03-19T10:55:33+00:00","og_image":[{"width":2542,"height":1431,"url":"https:\/\/invego.ee\/tiskreoja\/wp-content\/uploads\/2021\/02\/Maja_2_Korter_2_-scaled.jpg","type":"image\/jpeg"}],"author":"Heiki","twitter_card":"summary_large_image","schema":{"@context":"https:\/\/schema.org","@graph":[{"@type":"Article","@id":"https:\/\/invego.ee\/tiskreoja\/blogi\/varske-elaniku-muljed-monus-kodutunne-on-juba-tekkinud\/#article","isPartOf":{"@id":"https:\/\/invego.ee\/tiskreoja\/blogi\/varske-elaniku-muljed-monus-kodutunne-on-juba-tekkinud\/"},"author":{"name":"Heiki","@id":"https:\/\/invego.ee\/tiskreoja\/#\/schema\/person\/aca914387bb0fd8e6e188a9c2ae929d3"},"headline":"V\u00e4rske elaniku muljed: m\u00f5nus kodutunne on juba tekkinud","datePublished":"2021-03-19T10:49:26+00:00","dateModified":"2021-03-19T10:55:33+00:00","mainEntityOfPage":{"@id":"https:\/\/invego.ee\/tiskreoja\/blogi\/varske-elaniku-muljed-monus-kodutunne-on-juba-tekkinud\/"},"wordCount":232,"commentCount":0,"publisher":{"@id":"https:\/\/invego.ee\/tiskreoja\/#organization"},"image":{"@id":"https:\/\/invego.ee\/tiskreoja\/blogi\/varske-elaniku-muljed-monus-kodutunne-on-juba-tekkinud\/#primaryimage"},"thumbnailUrl":"https:\/\/invego.ee\/tiskreoja\/wp-content\/uploads\/2021\/02\/Maja_2_Korter_2_-scaled.jpg","articleSection":["Blogi"],"inLanguage":"et","potentialAction":[{"@type":"CommentAction","name":"Comment","target":["https:\/\/invego.ee\/tiskreoja\/blogi\/varske-elaniku-muljed-monus-kodutunne-on-juba-tekkinud\/#respond"]}]},{"@type":"WebPage","@id":"https:\/\/invego.ee\/tiskreoja\/blogi\/varske-elaniku-muljed-monus-kodutunne-on-juba-tekkinud\/","url":"https:\/\/invego.ee\/tiskreoja\/blogi\/varske-elaniku-muljed-monus-kodutunne-on-juba-tekkinud\/","name":"V\u00e4rske elaniku muljed: m\u00f5nus kodutunne on juba tekkinud","isPartOf":{"@id":"https:\/\/invego.ee\/tiskreoja\/#website"},"primaryImageOfPage":{"@id":"https:\/\/invego.ee\/tiskreoja\/blogi\/varske-elaniku-muljed-monus-kodutunne-on-juba-tekkinud\/#primaryimage"},"image":{"@id":"https:\/\/invego.ee\/tiskreoja\/blogi\/varske-elaniku-muljed-monus-kodutunne-on-juba-tekkinud\/#primaryimage"},"thumbnailUrl":"https:\/\/invego.ee\/tiskreoja\/wp-content\/uploads\/2021\/02\/Maja_2_Korter_2_-scaled.jpg","datePublished":"2021-03-19T10:49:26+00:00","dateModified":"2021-03-19T10:55:33+00:00","breadcrumb":{"@id":"https:\/\/invego.ee\/tiskreoja\/blogi\/varske-elaniku-muljed-monus-kodutunne-on-juba-tekkinud\/#breadcrumb"},"inLanguage":"et","potentialAction":[{"@type":"ReadAction","target":["https:\/\/invego.ee\/tiskreoja\/blogi\/varske-elaniku-muljed-monus-kodutunne-on-juba-tekkinud\/"]}]},{"@type":"ImageObject","inLanguage":"et","@id":"https:\/\/invego.ee\/tiskreoja\/blogi\/varske-elaniku-muljed-monus-kodutunne-on-juba-tekkinud\/#primaryimage","url":"https:\/\/invego.ee\/tiskreoja\/wp-content\/uploads\/2021\/02\/Maja_2_Korter_2_-scaled.jpg","contentUrl":"https:\/\/invego.ee\/tiskreoja\/wp-content\/uploads\/2021\/02\/Maja_2_Korter_2_-scaled.jpg","width":2542,"height":1431,"caption":"ProEXR File Description =Attributes= cameraAperture (float): 20.120001 cameraFarClip (float): 0.000000 cameraFarRange (float): 10000.000000 cameraFov (float): 74.886032 cameraNearClip (float): 0.000000 cameraNearRange (float): 0.000000 cameraProjection (int): 0 cameraTargetDistance (float): 3862.480469 cameraTransform (m44f): [{0.958765, -3.72529e-009, 0.283233, 143.826}, {0.2842, -7.45058e-009, -0.955502, -2860.58}, {-1.8563e-009, 1, 0.0824386, 1378.15}, {0, 0, 0, 1}] channels (chlist) compression (compression): Zip16 dataWindow (box2i): [0, 0, 3999, 2250] displayWindow (box2i): [0, 0, 3999, 2250] gamma (float): 1.000000 lineOrder (lineOrder): Increasing Y pixelAspectRatio (float): 1.000000 screenWindowCenter (v2f): [0.000000, 0.000000] screenWindowWidth (float): 1.000000 tiles (tiledesc): [64, 64] =Channels= B (float) CESSENTIAL_Reflect.A (half) CESSENTIAL_Reflect.B (half) CESSENTIAL_Reflect.G (half) CESSENTIAL_Reflect.R (half) CESSENTIAL_Refract.A (half) CESSENTIAL_Refract.B (half) CESSENTIAL_Refract.G (half) CESSENTIAL_Refract.R (half) CMasking_ID.A (half) CMasking_ID.B (half) CMasking_ID.G (half) CMasking_ID.R (half) CMasking_WireColor.A (half) CMasking_WireColor.B (half) CMasking_WireColor.G (half) CMasking_WireColor.R (half) CShading_Alpha.A (half) CShading_Alpha.B (half) CShading_Alpha.G (half) CShading_Alpha.R (half) CShading_Beauty.A (half) CShading_Beauty.B (half) CShading_Beauty.G (half) CShading_Beauty.R (half) CShading_Shadows.A (half) CShading_Shadows.B (half) CShading_Shadows.G (half) CShading_Shadows.R (half) CTexmap.A (half) CTexmap.B (half) CTexmap.G (half) CTexmap.R (half) G (float) R (float)"},{"@type":"BreadcrumbList","@id":"https:\/\/invego.ee\/tiskreoja\/blogi\/varske-elaniku-muljed-monus-kodutunne-on-juba-tekkinud\/#breadcrumb","itemListElement":[{"@type":"ListItem","position":1,"name":"Home","item":"https:\/\/invego.ee\/tiskreoja\/"},{"@type":"ListItem","position":2,"name":"V\u00e4rske elaniku muljed: m\u00f5nus kodutunne on juba tekkinud"}]},{"@type":"WebSite","@id":"https:\/\/invego.ee\/tiskreoja\/#website","url":"https:\/\/invego.ee\/tiskreoja\/","name":"Tiskreoja - loome tulevikustandardi","description":"Tiskreoja on terviklik tuleviku elukeskkond \u00fcmbritsetud roheluse ja rohkete vaba aja veetmise v\u00f5imalustega.","publisher":{"@id":"https:\/\/invego.ee\/tiskreoja\/#organization"},"potentialAction":[{"@type":"SearchAction","target":{"@type":"EntryPoint","urlTemplate":"https:\/\/invego.ee\/tiskreoja\/?s={search_term_string}"},"query-input":{"@type":"PropertyValueSpecification","valueRequired":true,"valueName":"search_term_string"}}],"inLanguage":"et"},{"@type":"Organization","@id":"https:\/\/invego.ee\/tiskreoja\/#organization","name":"Tiskreoja - loome tulevikustandardi","url":"https:\/\/invego.ee\/tiskreoja\/","logo":{"@type":"ImageObject","inLanguage":"et","@id":"https:\/\/invego.ee\/tiskreoja\/#\/schema\/logo\/image\/","url":"https:\/\/invego.ee\/tiskreoja\/wp-content\/uploads\/2025\/04\/tiskreoja_logo_oranz.svg","contentUrl":"https:\/\/invego.ee\/tiskreoja\/wp-content\/uploads\/2025\/04\/tiskreoja_logo_oranz.svg","width":157,"height":157,"caption":"Tiskreoja - loome tulevikustandardi"},"image":{"@id":"https:\/\/invego.ee\/tiskreoja\/#\/schema\/logo\/image\/"}},{"@type":"Person","@id":"https:\/\/invego.ee\/tiskreoja\/#\/schema\/person\/aca914387bb0fd8e6e188a9c2ae929d3","name":"Heiki","image":{"@type":"ImageObject","inLanguage":"et","@id":"https:\/\/invego.ee\/tiskreoja\/#\/schema\/person\/image\/","url":"https:\/\/secure.gravatar.com\/avatar\/990f9aa7368b73f6d16c412f6ee08af054eacc4697e3e1b28821ad1a5f6cb6c7?s=96&d=mm&r=g","contentUrl":"https:\/\/secure.gravatar.com\/avatar\/990f9aa7368b73f6d16c412f6ee08af054eacc4697e3e1b28821ad1a5f6cb6c7?s=96&d=mm&r=g","caption":"Heiki"}}]}},"author_meta":{"display_name":"Heiki","author_link":"https:\/\/invego.ee\/tiskreoja\/author\/heiki\/"},"featured_img":"https:\/\/invego.ee\/tiskreoja\/wp-content\/uploads\/2021\/02\/Maja_2_Korter_2_-250x141.jpg","coauthors":[],"tax_additional":{"categories":{"linked":["<a href=\"https:\/\/invego.ee\/tiskreoja\/blogi\/\" class=\"advgb-post-tax-term\">Blogi<\/a>"],"unlinked":["<span class=\"advgb-post-tax-term\">Blogi<\/span>"]}},"comment_count":"0","relative_dates":{"created":"Posted 5 aastat ago","modified":"Updated 5 aastat ago"},"absolute_dates":{"created":"Posted on m\u00e4rts 19, 2021","modified":"Updated on m\u00e4rts 19, 2021"},"absolute_dates_time":{"created":"Posted on m\u00e4rts 19, 2021 12:49 p.l.","modified":"Updated on m\u00e4rts 19, 2021 12:55 p.l."},"featured_img_caption":"ProEXR File Description\n\n=Attributes=\ncameraAperture (float): 20.120001\ncameraFarClip (float): 0.000000\ncameraFarRange (float): 10000.000000\ncameraFov (float): 74.886032\ncameraNearClip (float): 0.000000\ncameraNearRange (float): 0.000000\ncameraProjection (int): 0\ncameraTargetDistance (float): 3862.480469\ncameraTransform (m44f): [{0.958765, -3.72529e-009, 0.283233, 143.826}, {0.2842, -7.45058e-009, -0.955502, -2860.58}, {-1.8563e-009, 1, 0.0824386, 1378.15}, {0, 0, 0, 1}]\nchannels (chlist)\ncompression (compression): Zip16\ndataWindow (box2i): [0, 0, 3999, 2250]\ndisplayWindow (box2i): [0, 0, 3999, 2250]\ngamma (float): 1.000000\nlineOrder (lineOrder): Increasing Y\npixelAspectRatio (float): 1.000000\nscreenWindowCenter (v2f): [0.000000, 0.000000]\nscreenWindowWidth (float): 1.000000\ntiles (tiledesc): [64, 64]\n\n=Channels=\nB (float)\nCESSENTIAL_Reflect.A (half)\nCESSENTIAL_Reflect.B (half)\nCESSENTIAL_Reflect.G (half)\nCESSENTIAL_Reflect.R (half)\nCESSENTIAL_Refract.A (half)\nCESSENTIAL_Refract.B (half)\nCESSENTIAL_Refract.G (half)\nCESSENTIAL_Refract.R (half)\nCMasking_ID.A (half)\nCMasking_ID.B (half)\nCMasking_ID.G (half)\nCMasking_ID.R (half)\nCMasking_WireColor.A (half)\nCMasking_WireColor.B (half)\nCMasking_WireColor.G (half)\nCMasking_WireColor.R (half)\nCShading_Alpha.A (half)\nCShading_Alpha.B (half)\nCShading_Alpha.G (half)\nCShading_Alpha.R (half)\nCShading_Beauty.A (half)\nCShading_Beauty.B (half)\nCShading_Beauty.G (half)\nCShading_Beauty.R (half)\nCShading_Shadows.A (half)\nCShading_Shadows.B (half)\nCShading_Shadows.G (half)\nCShading_Shadows.R (half)\nCTexmap.A (half)\nCTexmap.B (half)\nCTexmap.G (half)\nCTexmap.R (half)\nG (float)\nR (float)","series_order":"","_links":{"self":[{"href":"https:\/\/invego.ee\/tiskreoja\/wp-json\/wp\/v2\/posts\/7894","targetHints":{"allow":["GET"]}}],"collection":[{"href":"https:\/\/invego.ee\/tiskreoja\/wp-json\/wp\/v2\/posts"}],"about":[{"href":"https:\/\/invego.ee\/tiskreoja\/wp-json\/wp\/v2\/types\/post"}],"author":[{"embeddable":true,"href":"https:\/\/invego.ee\/tiskreoja\/wp-json\/wp\/v2\/users\/5"}],"replies":[{"embeddable":true,"href":"https:\/\/invego.ee\/tiskreoja\/wp-json\/wp\/v2\/comments?post=7894"}],"version-history":[{"count":11,"href":"https:\/\/invego.ee\/tiskreoja\/wp-json\/wp\/v2\/posts\/7894\/revisions"}],"predecessor-version":[{"id":7905,"href":"https:\/\/invego.ee\/tiskreoja\/wp-json\/wp\/v2\/posts\/7894\/revisions\/7905"}],"wp:featuredmedia":[{"embeddable":true,"href":"https:\/\/invego.ee\/tiskreoja\/wp-json\/wp\/v2\/media\/7349"}],"wp:attachment":[{"href":"https:\/\/invego.ee\/tiskreoja\/wp-json\/wp\/v2\/media?parent=7894"}],"wp:term":[{"taxonomy":"category","embeddable":true,"href":"https:\/\/invego.ee\/tiskreoja\/wp-json\/wp\/v2\/categories?post=7894"},{"taxonomy":"post_tag","embeddable":true,"href":"https:\/\/invego.ee\/tiskreoja\/wp-json\/wp\/v2\/tags?post=7894"}],"curies":[{"name":"wp","href":"https:\/\/api.w.org\/{rel}","templated":true}]}}