{"id":7119,"date":"2021-02-09T16:23:46","date_gmt":"2021-02-09T14:23:46","guid":{"rendered":"https:\/\/invego.ee\/tiskreoja\/?p=7119"},"modified":"2021-02-09T16:24:49","modified_gmt":"2021-02-09T14:24:49","slug":"varsked-arengud-ehitus-kaib-korraga-viies-majas","status":"publish","type":"post","link":"https:\/\/invego.ee\/tiskreoja\/blogi\/varsked-arengud-ehitus-kaib-korraga-viies-majas\/","title":{"rendered":"V\u00e4rsked arengud: ehitus k\u00e4ib korraga viies majas"},"content":{"rendered":"\n<p><strong>Kuigi maa on mattunud paksu lumekihi alla, ei ole ehitus aeglustunud. Hetkel ehitatakse korraga\u00a0viit maja,\u00a0valmimas on 124 korterit.<\/strong><\/p>\n\n\n\n<p>Taverni tee 1\/2 ja K\u00fcnka tee 4&nbsp;hoonete fassaadid on kilede alt n\u00e4htavale toodud ja 80% valmis. Majades k\u00e4ivad viimased laetagused t\u00f6\u00f6d. Paralleelselt tehakse t\u00f6\u00f6d ventilatsiooniga, ehitatakse&nbsp;kipsseinasid&nbsp;ja -lagesid, tehakse maalerdus- ja plaatimist\u00f6\u00f6d.<\/p>\n\n\n\n<p>Taverni 1\/1&nbsp;k\u00f5rgus saavutati jaanuari l\u00f5pus, n\u00fc\u00fcd alustatakse&nbsp;katuset\u00f6\u00f6dega ja monteeritakse r\u00f5dusid.&nbsp;Sees k\u00e4ivad kanalisatsiooni ja k\u00fcttemagistraalide ehitust\u00f6\u00f6d.<\/p>\n\n\n\n<p>Uuspere 5\/1\u00a0m\u00fc\u00fcrid on kerkinud juba kolmandale korrusele.<\/p>\n\n\n\n<p>Uuspere tee 5\/2\u00a0on t\u00e4naseks valminud\u00a0esimese korruse vahelagi.<\/p>\n\n\n\n<p>09.02.2021<\/p>\n","protected":false},"excerpt":{"rendered":"","protected":false},"author":5,"featured_media":5253,"comment_status":"open","ping_status":"open","sticky":false,"template":"","format":"standard","meta":{"_acf_changed":false,"inline_featured_image":false,"advgb_blocks_editor_width":"","advgb_blocks_columns_visual_guide":"","_exactmetrics_skip_tracking":false,"_exactmetrics_sitenote_active":false,"_exactmetrics_sitenote_note":"","_exactmetrics_sitenote_category":0,"footnotes":""},"categories":[4],"tags":[],"class_list":["post-7119","post","type-post","status-publish","format-standard","has-post-thumbnail","hentry","category-blogi"],"acf":[],"yoast_head":"<!-- This site is optimized with the Yoast SEO plugin v24.9 - https:\/\/yoast.com\/wordpress\/plugins\/seo\/ -->\n<title>V\u00e4rsked arengud: ehitus k\u00e4ib korraga viies majas<\/title>\n<meta name=\"robots\" content=\"index, follow, max-snippet:-1, max-image-preview:large, max-video-preview:-1\" \/>\n<link rel=\"canonical\" href=\"https:\/\/invego.ee\/tiskreoja\/blogi\/varsked-arengud-ehitus-kaib-korraga-viies-majas\/\" \/>\n<meta property=\"og:locale\" content=\"et_EE\" \/>\n<meta property=\"og:type\" content=\"article\" \/>\n<meta property=\"og:title\" content=\"V\u00e4rsked arengud: ehitus k\u00e4ib korraga viies majas\" \/>\n<meta property=\"og:url\" content=\"https:\/\/invego.ee\/tiskreoja\/blogi\/varsked-arengud-ehitus-kaib-korraga-viies-majas\/\" \/>\n<meta property=\"og:site_name\" content=\"Tiskreoja - loome tulevikustandardi\" \/>\n<meta property=\"article:published_time\" content=\"2021-02-09T14:23:46+00:00\" \/>\n<meta property=\"article:modified_time\" content=\"2021-02-09T14:24:49+00:00\" \/>\n<meta property=\"og:image\" content=\"https:\/\/invego.ee\/tiskreoja\/wp-content\/uploads\/2020\/08\/5-700x394.jpg\" \/>\n\t<meta property=\"og:image:width\" content=\"700\" \/>\n\t<meta property=\"og:image:height\" content=\"394\" \/>\n\t<meta property=\"og:image:type\" content=\"image\/jpeg\" \/>\n<meta name=\"author\" content=\"Heiki\" \/>\n<meta name=\"twitter:card\" content=\"summary_large_image\" \/>\n<script type=\"application\/ld+json\" class=\"yoast-schema-graph\">{\"@context\":\"https:\/\/schema.org\",\"@graph\":[{\"@type\":\"Article\",\"@id\":\"https:\/\/invego.ee\/tiskreoja\/blogi\/varsked-arengud-ehitus-kaib-korraga-viies-majas\/#article\",\"isPartOf\":{\"@id\":\"https:\/\/invego.ee\/tiskreoja\/blogi\/varsked-arengud-ehitus-kaib-korraga-viies-majas\/\"},\"author\":{\"name\":\"Heiki\",\"@id\":\"https:\/\/invego.ee\/tiskreoja\/#\/schema\/person\/aca914387bb0fd8e6e188a9c2ae929d3\"},\"headline\":\"V\u00e4rsked arengud: ehitus k\u00e4ib korraga viies majas\",\"datePublished\":\"2021-02-09T14:23:46+00:00\",\"dateModified\":\"2021-02-09T14:24:49+00:00\",\"mainEntityOfPage\":{\"@id\":\"https:\/\/invego.ee\/tiskreoja\/blogi\/varsked-arengud-ehitus-kaib-korraga-viies-majas\/\"},\"wordCount\":113,\"commentCount\":0,\"publisher\":{\"@id\":\"https:\/\/invego.ee\/tiskreoja\/#organization\"},\"image\":{\"@id\":\"https:\/\/invego.ee\/tiskreoja\/blogi\/varsked-arengud-ehitus-kaib-korraga-viies-majas\/#primaryimage\"},\"thumbnailUrl\":\"https:\/\/invego.ee\/tiskreoja\/wp-content\/uploads\/2020\/08\/5.jpg\",\"articleSection\":[\"Blogi\"],\"inLanguage\":\"et\",\"potentialAction\":[{\"@type\":\"CommentAction\",\"name\":\"Comment\",\"target\":[\"https:\/\/invego.ee\/tiskreoja\/blogi\/varsked-arengud-ehitus-kaib-korraga-viies-majas\/#respond\"]}]},{\"@type\":\"WebPage\",\"@id\":\"https:\/\/invego.ee\/tiskreoja\/blogi\/varsked-arengud-ehitus-kaib-korraga-viies-majas\/\",\"url\":\"https:\/\/invego.ee\/tiskreoja\/blogi\/varsked-arengud-ehitus-kaib-korraga-viies-majas\/\",\"name\":\"V\u00e4rsked arengud: ehitus k\u00e4ib korraga viies majas\",\"isPartOf\":{\"@id\":\"https:\/\/invego.ee\/tiskreoja\/#website\"},\"primaryImageOfPage\":{\"@id\":\"https:\/\/invego.ee\/tiskreoja\/blogi\/varsked-arengud-ehitus-kaib-korraga-viies-majas\/#primaryimage\"},\"image\":{\"@id\":\"https:\/\/invego.ee\/tiskreoja\/blogi\/varsked-arengud-ehitus-kaib-korraga-viies-majas\/#primaryimage\"},\"thumbnailUrl\":\"https:\/\/invego.ee\/tiskreoja\/wp-content\/uploads\/2020\/08\/5.jpg\",\"datePublished\":\"2021-02-09T14:23:46+00:00\",\"dateModified\":\"2021-02-09T14:24:49+00:00\",\"breadcrumb\":{\"@id\":\"https:\/\/invego.ee\/tiskreoja\/blogi\/varsked-arengud-ehitus-kaib-korraga-viies-majas\/#breadcrumb\"},\"inLanguage\":\"et\",\"potentialAction\":[{\"@type\":\"ReadAction\",\"target\":[\"https:\/\/invego.ee\/tiskreoja\/blogi\/varsked-arengud-ehitus-kaib-korraga-viies-majas\/\"]}]},{\"@type\":\"ImageObject\",\"inLanguage\":\"et\",\"@id\":\"https:\/\/invego.ee\/tiskreoja\/blogi\/varsked-arengud-ehitus-kaib-korraga-viies-majas\/#primaryimage\",\"url\":\"https:\/\/invego.ee\/tiskreoja\/wp-content\/uploads\/2020\/08\/5.jpg\",\"contentUrl\":\"https:\/\/invego.ee\/tiskreoja\/wp-content\/uploads\/2020\/08\/5.jpg\",\"width\":2560,\"height\":1440,\"caption\":\"DCIM100MEDIADJI_0784.JPG\"},{\"@type\":\"BreadcrumbList\",\"@id\":\"https:\/\/invego.ee\/tiskreoja\/blogi\/varsked-arengud-ehitus-kaib-korraga-viies-majas\/#breadcrumb\",\"itemListElement\":[{\"@type\":\"ListItem\",\"position\":1,\"name\":\"Home\",\"item\":\"https:\/\/invego.ee\/tiskreoja\/\"},{\"@type\":\"ListItem\",\"position\":2,\"name\":\"V\u00e4rsked arengud: ehitus k\u00e4ib korraga viies majas\"}]},{\"@type\":\"WebSite\",\"@id\":\"https:\/\/invego.ee\/tiskreoja\/#website\",\"url\":\"https:\/\/invego.ee\/tiskreoja\/\",\"name\":\"Tiskreoja - loome tulevikustandardi\",\"description\":\"Tiskreoja on terviklik tuleviku elukeskkond \u00fcmbritsetud roheluse ja rohkete vaba aja veetmise v\u00f5imalustega.\",\"publisher\":{\"@id\":\"https:\/\/invego.ee\/tiskreoja\/#organization\"},\"potentialAction\":[{\"@type\":\"SearchAction\",\"target\":{\"@type\":\"EntryPoint\",\"urlTemplate\":\"https:\/\/invego.ee\/tiskreoja\/?s={search_term_string}\"},\"query-input\":{\"@type\":\"PropertyValueSpecification\",\"valueRequired\":true,\"valueName\":\"search_term_string\"}}],\"inLanguage\":\"et\"},{\"@type\":\"Organization\",\"@id\":\"https:\/\/invego.ee\/tiskreoja\/#organization\",\"name\":\"Tiskreoja - loome tulevikustandardi\",\"url\":\"https:\/\/invego.ee\/tiskreoja\/\",\"logo\":{\"@type\":\"ImageObject\",\"inLanguage\":\"et\",\"@id\":\"https:\/\/invego.ee\/tiskreoja\/#\/schema\/logo\/image\/\",\"url\":\"https:\/\/invego.ee\/tiskreoja\/wp-content\/uploads\/2025\/04\/tiskreoja_logo_oranz.svg\",\"contentUrl\":\"https:\/\/invego.ee\/tiskreoja\/wp-content\/uploads\/2025\/04\/tiskreoja_logo_oranz.svg\",\"width\":157,\"height\":157,\"caption\":\"Tiskreoja - loome tulevikustandardi\"},\"image\":{\"@id\":\"https:\/\/invego.ee\/tiskreoja\/#\/schema\/logo\/image\/\"}},{\"@type\":\"Person\",\"@id\":\"https:\/\/invego.ee\/tiskreoja\/#\/schema\/person\/aca914387bb0fd8e6e188a9c2ae929d3\",\"name\":\"Heiki\",\"image\":{\"@type\":\"ImageObject\",\"inLanguage\":\"et\",\"@id\":\"https:\/\/invego.ee\/tiskreoja\/#\/schema\/person\/image\/\",\"url\":\"https:\/\/secure.gravatar.com\/avatar\/990f9aa7368b73f6d16c412f6ee08af054eacc4697e3e1b28821ad1a5f6cb6c7?s=96&d=mm&r=g\",\"contentUrl\":\"https:\/\/secure.gravatar.com\/avatar\/990f9aa7368b73f6d16c412f6ee08af054eacc4697e3e1b28821ad1a5f6cb6c7?s=96&d=mm&r=g\",\"caption\":\"Heiki\"}}]}<\/script>\n<!-- \/ Yoast SEO plugin. -->","yoast_head_json":{"title":"V\u00e4rsked arengud: ehitus k\u00e4ib korraga viies majas","robots":{"index":"index","follow":"follow","max-snippet":"max-snippet:-1","max-image-preview":"max-image-preview:large","max-video-preview":"max-video-preview:-1"},"canonical":"https:\/\/invego.ee\/tiskreoja\/blogi\/varsked-arengud-ehitus-kaib-korraga-viies-majas\/","og_locale":"et_EE","og_type":"article","og_title":"V\u00e4rsked arengud: ehitus k\u00e4ib korraga viies majas","og_url":"https:\/\/invego.ee\/tiskreoja\/blogi\/varsked-arengud-ehitus-kaib-korraga-viies-majas\/","og_site_name":"Tiskreoja - loome tulevikustandardi","article_published_time":"2021-02-09T14:23:46+00:00","article_modified_time":"2021-02-09T14:24:49+00:00","og_image":[{"width":700,"height":394,"url":"https:\/\/invego.ee\/tiskreoja\/wp-content\/uploads\/2020\/08\/5-700x394.jpg","type":"image\/jpeg"}],"author":"Heiki","twitter_card":"summary_large_image","schema":{"@context":"https:\/\/schema.org","@graph":[{"@type":"Article","@id":"https:\/\/invego.ee\/tiskreoja\/blogi\/varsked-arengud-ehitus-kaib-korraga-viies-majas\/#article","isPartOf":{"@id":"https:\/\/invego.ee\/tiskreoja\/blogi\/varsked-arengud-ehitus-kaib-korraga-viies-majas\/"},"author":{"name":"Heiki","@id":"https:\/\/invego.ee\/tiskreoja\/#\/schema\/person\/aca914387bb0fd8e6e188a9c2ae929d3"},"headline":"V\u00e4rsked arengud: ehitus k\u00e4ib korraga viies majas","datePublished":"2021-02-09T14:23:46+00:00","dateModified":"2021-02-09T14:24:49+00:00","mainEntityOfPage":{"@id":"https:\/\/invego.ee\/tiskreoja\/blogi\/varsked-arengud-ehitus-kaib-korraga-viies-majas\/"},"wordCount":113,"commentCount":0,"publisher":{"@id":"https:\/\/invego.ee\/tiskreoja\/#organization"},"image":{"@id":"https:\/\/invego.ee\/tiskreoja\/blogi\/varsked-arengud-ehitus-kaib-korraga-viies-majas\/#primaryimage"},"thumbnailUrl":"https:\/\/invego.ee\/tiskreoja\/wp-content\/uploads\/2020\/08\/5.jpg","articleSection":["Blogi"],"inLanguage":"et","potentialAction":[{"@type":"CommentAction","name":"Comment","target":["https:\/\/invego.ee\/tiskreoja\/blogi\/varsked-arengud-ehitus-kaib-korraga-viies-majas\/#respond"]}]},{"@type":"WebPage","@id":"https:\/\/invego.ee\/tiskreoja\/blogi\/varsked-arengud-ehitus-kaib-korraga-viies-majas\/","url":"https:\/\/invego.ee\/tiskreoja\/blogi\/varsked-arengud-ehitus-kaib-korraga-viies-majas\/","name":"V\u00e4rsked arengud: ehitus k\u00e4ib korraga viies majas","isPartOf":{"@id":"https:\/\/invego.ee\/tiskreoja\/#website"},"primaryImageOfPage":{"@id":"https:\/\/invego.ee\/tiskreoja\/blogi\/varsked-arengud-ehitus-kaib-korraga-viies-majas\/#primaryimage"},"image":{"@id":"https:\/\/invego.ee\/tiskreoja\/blogi\/varsked-arengud-ehitus-kaib-korraga-viies-majas\/#primaryimage"},"thumbnailUrl":"https:\/\/invego.ee\/tiskreoja\/wp-content\/uploads\/2020\/08\/5.jpg","datePublished":"2021-02-09T14:23:46+00:00","dateModified":"2021-02-09T14:24:49+00:00","breadcrumb":{"@id":"https:\/\/invego.ee\/tiskreoja\/blogi\/varsked-arengud-ehitus-kaib-korraga-viies-majas\/#breadcrumb"},"inLanguage":"et","potentialAction":[{"@type":"ReadAction","target":["https:\/\/invego.ee\/tiskreoja\/blogi\/varsked-arengud-ehitus-kaib-korraga-viies-majas\/"]}]},{"@type":"ImageObject","inLanguage":"et","@id":"https:\/\/invego.ee\/tiskreoja\/blogi\/varsked-arengud-ehitus-kaib-korraga-viies-majas\/#primaryimage","url":"https:\/\/invego.ee\/tiskreoja\/wp-content\/uploads\/2020\/08\/5.jpg","contentUrl":"https:\/\/invego.ee\/tiskreoja\/wp-content\/uploads\/2020\/08\/5.jpg","width":2560,"height":1440,"caption":"DCIM100MEDIADJI_0784.JPG"},{"@type":"BreadcrumbList","@id":"https:\/\/invego.ee\/tiskreoja\/blogi\/varsked-arengud-ehitus-kaib-korraga-viies-majas\/#breadcrumb","itemListElement":[{"@type":"ListItem","position":1,"name":"Home","item":"https:\/\/invego.ee\/tiskreoja\/"},{"@type":"ListItem","position":2,"name":"V\u00e4rsked arengud: ehitus k\u00e4ib korraga viies majas"}]},{"@type":"WebSite","@id":"https:\/\/invego.ee\/tiskreoja\/#website","url":"https:\/\/invego.ee\/tiskreoja\/","name":"Tiskreoja - loome tulevikustandardi","description":"Tiskreoja on terviklik tuleviku elukeskkond \u00fcmbritsetud roheluse ja rohkete vaba aja veetmise v\u00f5imalustega.","publisher":{"@id":"https:\/\/invego.ee\/tiskreoja\/#organization"},"potentialAction":[{"@type":"SearchAction","target":{"@type":"EntryPoint","urlTemplate":"https:\/\/invego.ee\/tiskreoja\/?s={search_term_string}"},"query-input":{"@type":"PropertyValueSpecification","valueRequired":true,"valueName":"search_term_string"}}],"inLanguage":"et"},{"@type":"Organization","@id":"https:\/\/invego.ee\/tiskreoja\/#organization","name":"Tiskreoja - loome tulevikustandardi","url":"https:\/\/invego.ee\/tiskreoja\/","logo":{"@type":"ImageObject","inLanguage":"et","@id":"https:\/\/invego.ee\/tiskreoja\/#\/schema\/logo\/image\/","url":"https:\/\/invego.ee\/tiskreoja\/wp-content\/uploads\/2025\/04\/tiskreoja_logo_oranz.svg","contentUrl":"https:\/\/invego.ee\/tiskreoja\/wp-content\/uploads\/2025\/04\/tiskreoja_logo_oranz.svg","width":157,"height":157,"caption":"Tiskreoja - loome tulevikustandardi"},"image":{"@id":"https:\/\/invego.ee\/tiskreoja\/#\/schema\/logo\/image\/"}},{"@type":"Person","@id":"https:\/\/invego.ee\/tiskreoja\/#\/schema\/person\/aca914387bb0fd8e6e188a9c2ae929d3","name":"Heiki","image":{"@type":"ImageObject","inLanguage":"et","@id":"https:\/\/invego.ee\/tiskreoja\/#\/schema\/person\/image\/","url":"https:\/\/secure.gravatar.com\/avatar\/990f9aa7368b73f6d16c412f6ee08af054eacc4697e3e1b28821ad1a5f6cb6c7?s=96&d=mm&r=g","contentUrl":"https:\/\/secure.gravatar.com\/avatar\/990f9aa7368b73f6d16c412f6ee08af054eacc4697e3e1b28821ad1a5f6cb6c7?s=96&d=mm&r=g","caption":"Heiki"}}]}},"author_meta":{"display_name":"Heiki","author_link":"https:\/\/invego.ee\/tiskreoja\/author\/heiki\/"},"featured_img":"https:\/\/invego.ee\/tiskreoja\/wp-content\/uploads\/2020\/08\/5-250x141.jpg","coauthors":[],"tax_additional":{"categories":{"linked":["<a href=\"https:\/\/invego.ee\/tiskreoja\/blogi\/\" class=\"advgb-post-tax-term\">Blogi<\/a>"],"unlinked":["<span class=\"advgb-post-tax-term\">Blogi<\/span>"]}},"comment_count":"0","relative_dates":{"created":"Posted 5 aastat ago","modified":"Updated 5 aastat ago"},"absolute_dates":{"created":"Posted on veebruar 9, 2021","modified":"Updated on veebruar 9, 2021"},"absolute_dates_time":{"created":"Posted on veebruar 9, 2021 4:23 p.l.","modified":"Updated on veebruar 9, 2021 4:24 p.l."},"featured_img_caption":"DCIM100MEDIADJI_0784.JPG","series_order":"","_links":{"self":[{"href":"https:\/\/invego.ee\/tiskreoja\/wp-json\/wp\/v2\/posts\/7119","targetHints":{"allow":["GET"]}}],"collection":[{"href":"https:\/\/invego.ee\/tiskreoja\/wp-json\/wp\/v2\/posts"}],"about":[{"href":"https:\/\/invego.ee\/tiskreoja\/wp-json\/wp\/v2\/types\/post"}],"author":[{"embeddable":true,"href":"https:\/\/invego.ee\/tiskreoja\/wp-json\/wp\/v2\/users\/5"}],"replies":[{"embeddable":true,"href":"https:\/\/invego.ee\/tiskreoja\/wp-json\/wp\/v2\/comments?post=7119"}],"version-history":[{"count":8,"href":"https:\/\/invego.ee\/tiskreoja\/wp-json\/wp\/v2\/posts\/7119\/revisions"}],"predecessor-version":[{"id":7127,"href":"https:\/\/invego.ee\/tiskreoja\/wp-json\/wp\/v2\/posts\/7119\/revisions\/7127"}],"wp:featuredmedia":[{"embeddable":true,"href":"https:\/\/invego.ee\/tiskreoja\/wp-json\/wp\/v2\/media\/5253"}],"wp:attachment":[{"href":"https:\/\/invego.ee\/tiskreoja\/wp-json\/wp\/v2\/media?parent=7119"}],"wp:term":[{"taxonomy":"category","embeddable":true,"href":"https:\/\/invego.ee\/tiskreoja\/wp-json\/wp\/v2\/categories?post=7119"},{"taxonomy":"post_tag","embeddable":true,"href":"https:\/\/invego.ee\/tiskreoja\/wp-json\/wp\/v2\/tags?post=7119"}],"curies":[{"name":"wp","href":"https:\/\/api.w.org\/{rel}","templated":true}]}}