{"id":6882,"date":"2021-01-15T11:55:56","date_gmt":"2021-01-15T09:55:56","guid":{"rendered":"https:\/\/invego.ee\/tiskreoja\/?p=6882"},"modified":"2021-01-15T11:56:51","modified_gmt":"2021-01-15T09:56:51","slug":"vagev-verstapost-tiskreoja-200","status":"publish","type":"post","link":"https:\/\/invego.ee\/tiskreoja\/blogi\/vagev-verstapost-tiskreoja-200\/","title":{"rendered":"V\u00e4gev verstapost &#8211; Tiskreoja 200!"},"content":{"rendered":"\n<p><strong>Jah, sel n\u00e4dalal l\u00f5ime k\u00e4ed juba 200. Eesti perega, kes on oma koduks valinud Tiskreoja elurajooni. V\u00e4hem kui kahe aastaga on juba pool k\u00f5igist algselt planeeritud kodudest omaniku leidnud.<\/strong><\/p>\n\n\n\n<p>Tiskreoja arendust vedava Invego juhi Kristjan-Thor V\u00e4hi s\u00f5nul on loodusl\u00e4hedaste kodude j\u00e4rele n\u00f5udlus j\u00e4tkuvalt k\u00f5rge ja Tiskreoja on lihtsalt k\u00f5ige parem projekt, mis praegu saadaval. \u201cNii lihtne see ongi,\u201d selgitas V\u00e4hi Tiskreoja m\u00fc\u00fcgiedu.<\/p>\n\n\n\n<p>Tema s\u00f5nul saadi juba m\u00f5ni aeg tagasi aru, et esialgne ambitsioonikas plaan rajada Tiskreojale ligi 400 kodu, v\u00f5ib j\u00e4\u00e4da tagasihoidlikuks. \u201cNovembris l\u00f5ime k\u00f5ik m\u00fc\u00fcgirekordid ja n\u00fc\u00fcd jaanuaris m\u00fc\u00fcsime oodatust ligi pool aastat varem arenduse 200. kodu,\u201d m\u00e4rkis V\u00e4hi ja lisas, et t\u00e4na saab soetada kodusid sel suvel ja s\u00fcgisel valmivatesse hoonetesse.&nbsp;<\/p>\n\n\n\n<p>Et suurele n\u00f5udlusele vastata, on planeeritust oluliselt varem m\u00fc\u00fcgile j\u00f5udnud arenduse 15. maja. Aasta l\u00f5pus \u00f5nnestus Invegol laiendada Tiskreoja elurajooni territooriumi ning seni plaanitule ambitsioonikale mahule lisaks alustati ettevalmistusi, et rajada stiilsed ridaelamud veel 77 perele.<\/p>\n\n\n\n<p>\u201cKoroonaperiood ei ole Tiskreoja tulemusi k\u00f5igutanud, k\u00fcll aga on ostjatega suheldes joonistunud v\u00e4lja muutus, et uue kodu valikul m\u00e4ngib varasemast veel rohkem rolli selle loodusl\u00e4hedus, terviserajad ning spordi- ja m\u00e4nguv\u00e4ljakud, mis annavad v\u00f5imaluse aktiivselt v\u00e4litingimustes aega veeta,\u201d m\u00e4rkis V\u00e4hi.<\/p>\n\n\n\n<p>Kokku kerkib Tallinna piiril Harku vallas asuvasse Tiskreoja elurajooni terviklik tuleviku elurajoon 500 koduga. Elamute juurde on planeeritud majadevaheline park, kilomeetri jagu terviseradasid, rulapark, korvpalliv\u00e4ljak, suur laste m\u00e4nguala, rohkelt haljastust ning avar \u00f5unaaed. K\u00f5ik kortermajad on varustatud liftidega ning enamikel avaratel ja hea planeeringuga kodudel on terrassid v\u00f5i r\u00f5dud.<\/p>\n","protected":false},"excerpt":{"rendered":"","protected":false},"author":5,"featured_media":5631,"comment_status":"open","ping_status":"open","sticky":false,"template":"","format":"standard","meta":{"_acf_changed":false,"inline_featured_image":false,"advgb_blocks_editor_width":"","advgb_blocks_columns_visual_guide":"","_exactmetrics_skip_tracking":false,"_exactmetrics_sitenote_active":false,"_exactmetrics_sitenote_note":"","_exactmetrics_sitenote_category":0,"footnotes":""},"categories":[4],"tags":[],"class_list":["post-6882","post","type-post","status-publish","format-standard","has-post-thumbnail","hentry","category-blogi"],"acf":[],"yoast_head":"<!-- This site is optimized with the Yoast SEO plugin v24.9 - https:\/\/yoast.com\/wordpress\/plugins\/seo\/ -->\n<title>V\u00e4gev verstapost - Tiskreoja 200!<\/title>\n<meta name=\"description\" content=\"Jah, sel n\u00e4dalal l\u00f5ime k\u00e4ed juba 200. Eesti perega, kes on oma koduks valinud Tiskreoja elurajooni. V\u00e4hem kui kahe aastaga on juba pool k\u00f5igist algselt planeeritud kodudest omaniku leidnud.\" \/>\n<meta name=\"robots\" content=\"index, follow, max-snippet:-1, max-image-preview:large, max-video-preview:-1\" \/>\n<link rel=\"canonical\" href=\"https:\/\/invego.ee\/tiskreoja\/blogi\/vagev-verstapost-tiskreoja-200\/\" \/>\n<meta property=\"og:locale\" content=\"et_EE\" \/>\n<meta property=\"og:type\" content=\"article\" \/>\n<meta property=\"og:title\" content=\"V\u00e4gev verstapost - Tiskreoja 200!\" \/>\n<meta property=\"og:description\" content=\"Jah, sel n\u00e4dalal l\u00f5ime k\u00e4ed juba 200. Eesti perega, kes on oma koduks valinud Tiskreoja elurajooni. V\u00e4hem kui kahe aastaga on juba pool k\u00f5igist algselt planeeritud kodudest omaniku leidnud.\" \/>\n<meta property=\"og:url\" content=\"https:\/\/invego.ee\/tiskreoja\/blogi\/vagev-verstapost-tiskreoja-200\/\" \/>\n<meta property=\"og:site_name\" content=\"Tiskreoja - loome tulevikustandardi\" \/>\n<meta property=\"article:published_time\" content=\"2021-01-15T09:55:56+00:00\" \/>\n<meta property=\"article:modified_time\" content=\"2021-01-15T09:56:51+00:00\" \/>\n<meta property=\"og:image\" content=\"https:\/\/invego.ee\/tiskreoja\/wp-content\/uploads\/2020\/09\/Tiskreoja_maja3B_c2-1.jpg\" \/>\n\t<meta property=\"og:image:width\" content=\"1500\" \/>\n\t<meta property=\"og:image:height\" content=\"844\" \/>\n\t<meta property=\"og:image:type\" content=\"image\/jpeg\" \/>\n<meta name=\"author\" content=\"Heiki\" \/>\n<meta name=\"twitter:card\" content=\"summary_large_image\" \/>\n<script type=\"application\/ld+json\" class=\"yoast-schema-graph\">{\"@context\":\"https:\/\/schema.org\",\"@graph\":[{\"@type\":\"Article\",\"@id\":\"https:\/\/invego.ee\/tiskreoja\/blogi\/vagev-verstapost-tiskreoja-200\/#article\",\"isPartOf\":{\"@id\":\"https:\/\/invego.ee\/tiskreoja\/blogi\/vagev-verstapost-tiskreoja-200\/\"},\"author\":{\"name\":\"Heiki\",\"@id\":\"https:\/\/invego.ee\/tiskreoja\/#\/schema\/person\/aca914387bb0fd8e6e188a9c2ae929d3\"},\"headline\":\"V\u00e4gev verstapost &#8211; Tiskreoja 200!\",\"datePublished\":\"2021-01-15T09:55:56+00:00\",\"dateModified\":\"2021-01-15T09:56:51+00:00\",\"mainEntityOfPage\":{\"@id\":\"https:\/\/invego.ee\/tiskreoja\/blogi\/vagev-verstapost-tiskreoja-200\/\"},\"wordCount\":285,\"commentCount\":0,\"publisher\":{\"@id\":\"https:\/\/invego.ee\/tiskreoja\/#organization\"},\"image\":{\"@id\":\"https:\/\/invego.ee\/tiskreoja\/blogi\/vagev-verstapost-tiskreoja-200\/#primaryimage\"},\"thumbnailUrl\":\"https:\/\/invego.ee\/tiskreoja\/wp-content\/uploads\/2020\/09\/Tiskreoja_maja3B_c2-1.jpg\",\"articleSection\":[\"Blogi\"],\"inLanguage\":\"et\",\"potentialAction\":[{\"@type\":\"CommentAction\",\"name\":\"Comment\",\"target\":[\"https:\/\/invego.ee\/tiskreoja\/blogi\/vagev-verstapost-tiskreoja-200\/#respond\"]}]},{\"@type\":\"WebPage\",\"@id\":\"https:\/\/invego.ee\/tiskreoja\/blogi\/vagev-verstapost-tiskreoja-200\/\",\"url\":\"https:\/\/invego.ee\/tiskreoja\/blogi\/vagev-verstapost-tiskreoja-200\/\",\"name\":\"V\u00e4gev verstapost - Tiskreoja 200!\",\"isPartOf\":{\"@id\":\"https:\/\/invego.ee\/tiskreoja\/#website\"},\"primaryImageOfPage\":{\"@id\":\"https:\/\/invego.ee\/tiskreoja\/blogi\/vagev-verstapost-tiskreoja-200\/#primaryimage\"},\"image\":{\"@id\":\"https:\/\/invego.ee\/tiskreoja\/blogi\/vagev-verstapost-tiskreoja-200\/#primaryimage\"},\"thumbnailUrl\":\"https:\/\/invego.ee\/tiskreoja\/wp-content\/uploads\/2020\/09\/Tiskreoja_maja3B_c2-1.jpg\",\"datePublished\":\"2021-01-15T09:55:56+00:00\",\"dateModified\":\"2021-01-15T09:56:51+00:00\",\"description\":\"Jah, sel n\u00e4dalal l\u00f5ime k\u00e4ed juba 200. Eesti perega, kes on oma koduks valinud Tiskreoja elurajooni. V\u00e4hem kui kahe aastaga on juba pool k\u00f5igist algselt planeeritud kodudest omaniku leidnud.\",\"breadcrumb\":{\"@id\":\"https:\/\/invego.ee\/tiskreoja\/blogi\/vagev-verstapost-tiskreoja-200\/#breadcrumb\"},\"inLanguage\":\"et\",\"potentialAction\":[{\"@type\":\"ReadAction\",\"target\":[\"https:\/\/invego.ee\/tiskreoja\/blogi\/vagev-verstapost-tiskreoja-200\/\"]}]},{\"@type\":\"ImageObject\",\"inLanguage\":\"et\",\"@id\":\"https:\/\/invego.ee\/tiskreoja\/blogi\/vagev-verstapost-tiskreoja-200\/#primaryimage\",\"url\":\"https:\/\/invego.ee\/tiskreoja\/wp-content\/uploads\/2020\/09\/Tiskreoja_maja3B_c2-1.jpg\",\"contentUrl\":\"https:\/\/invego.ee\/tiskreoja\/wp-content\/uploads\/2020\/09\/Tiskreoja_maja3B_c2-1.jpg\",\"width\":1500,\"height\":844,\"caption\":\"Tiskreoja kortermaja\"},{\"@type\":\"BreadcrumbList\",\"@id\":\"https:\/\/invego.ee\/tiskreoja\/blogi\/vagev-verstapost-tiskreoja-200\/#breadcrumb\",\"itemListElement\":[{\"@type\":\"ListItem\",\"position\":1,\"name\":\"Home\",\"item\":\"https:\/\/invego.ee\/tiskreoja\/\"},{\"@type\":\"ListItem\",\"position\":2,\"name\":\"V\u00e4gev verstapost &#8211; Tiskreoja 200!\"}]},{\"@type\":\"WebSite\",\"@id\":\"https:\/\/invego.ee\/tiskreoja\/#website\",\"url\":\"https:\/\/invego.ee\/tiskreoja\/\",\"name\":\"Tiskreoja - loome tulevikustandardi\",\"description\":\"Tiskreoja on terviklik tuleviku elukeskkond \u00fcmbritsetud roheluse ja rohkete vaba aja veetmise v\u00f5imalustega.\",\"publisher\":{\"@id\":\"https:\/\/invego.ee\/tiskreoja\/#organization\"},\"potentialAction\":[{\"@type\":\"SearchAction\",\"target\":{\"@type\":\"EntryPoint\",\"urlTemplate\":\"https:\/\/invego.ee\/tiskreoja\/?s={search_term_string}\"},\"query-input\":{\"@type\":\"PropertyValueSpecification\",\"valueRequired\":true,\"valueName\":\"search_term_string\"}}],\"inLanguage\":\"et\"},{\"@type\":\"Organization\",\"@id\":\"https:\/\/invego.ee\/tiskreoja\/#organization\",\"name\":\"Tiskreoja - loome tulevikustandardi\",\"url\":\"https:\/\/invego.ee\/tiskreoja\/\",\"logo\":{\"@type\":\"ImageObject\",\"inLanguage\":\"et\",\"@id\":\"https:\/\/invego.ee\/tiskreoja\/#\/schema\/logo\/image\/\",\"url\":\"https:\/\/invego.ee\/tiskreoja\/wp-content\/uploads\/2025\/04\/tiskreoja_logo_oranz.svg\",\"contentUrl\":\"https:\/\/invego.ee\/tiskreoja\/wp-content\/uploads\/2025\/04\/tiskreoja_logo_oranz.svg\",\"width\":157,\"height\":157,\"caption\":\"Tiskreoja - loome tulevikustandardi\"},\"image\":{\"@id\":\"https:\/\/invego.ee\/tiskreoja\/#\/schema\/logo\/image\/\"}},{\"@type\":\"Person\",\"@id\":\"https:\/\/invego.ee\/tiskreoja\/#\/schema\/person\/aca914387bb0fd8e6e188a9c2ae929d3\",\"name\":\"Heiki\",\"image\":{\"@type\":\"ImageObject\",\"inLanguage\":\"et\",\"@id\":\"https:\/\/invego.ee\/tiskreoja\/#\/schema\/person\/image\/\",\"url\":\"https:\/\/secure.gravatar.com\/avatar\/990f9aa7368b73f6d16c412f6ee08af054eacc4697e3e1b28821ad1a5f6cb6c7?s=96&d=mm&r=g\",\"contentUrl\":\"https:\/\/secure.gravatar.com\/avatar\/990f9aa7368b73f6d16c412f6ee08af054eacc4697e3e1b28821ad1a5f6cb6c7?s=96&d=mm&r=g\",\"caption\":\"Heiki\"}}]}<\/script>\n<!-- \/ Yoast SEO plugin. -->","yoast_head_json":{"title":"V\u00e4gev verstapost - Tiskreoja 200!","description":"Jah, sel n\u00e4dalal l\u00f5ime k\u00e4ed juba 200. Eesti perega, kes on oma koduks valinud Tiskreoja elurajooni. V\u00e4hem kui kahe aastaga on juba pool k\u00f5igist algselt planeeritud kodudest omaniku leidnud.","robots":{"index":"index","follow":"follow","max-snippet":"max-snippet:-1","max-image-preview":"max-image-preview:large","max-video-preview":"max-video-preview:-1"},"canonical":"https:\/\/invego.ee\/tiskreoja\/blogi\/vagev-verstapost-tiskreoja-200\/","og_locale":"et_EE","og_type":"article","og_title":"V\u00e4gev verstapost - Tiskreoja 200!","og_description":"Jah, sel n\u00e4dalal l\u00f5ime k\u00e4ed juba 200. Eesti perega, kes on oma koduks valinud Tiskreoja elurajooni. V\u00e4hem kui kahe aastaga on juba pool k\u00f5igist algselt planeeritud kodudest omaniku leidnud.","og_url":"https:\/\/invego.ee\/tiskreoja\/blogi\/vagev-verstapost-tiskreoja-200\/","og_site_name":"Tiskreoja - loome tulevikustandardi","article_published_time":"2021-01-15T09:55:56+00:00","article_modified_time":"2021-01-15T09:56:51+00:00","og_image":[{"width":1500,"height":844,"url":"https:\/\/invego.ee\/tiskreoja\/wp-content\/uploads\/2020\/09\/Tiskreoja_maja3B_c2-1.jpg","type":"image\/jpeg"}],"author":"Heiki","twitter_card":"summary_large_image","schema":{"@context":"https:\/\/schema.org","@graph":[{"@type":"Article","@id":"https:\/\/invego.ee\/tiskreoja\/blogi\/vagev-verstapost-tiskreoja-200\/#article","isPartOf":{"@id":"https:\/\/invego.ee\/tiskreoja\/blogi\/vagev-verstapost-tiskreoja-200\/"},"author":{"name":"Heiki","@id":"https:\/\/invego.ee\/tiskreoja\/#\/schema\/person\/aca914387bb0fd8e6e188a9c2ae929d3"},"headline":"V\u00e4gev verstapost &#8211; Tiskreoja 200!","datePublished":"2021-01-15T09:55:56+00:00","dateModified":"2021-01-15T09:56:51+00:00","mainEntityOfPage":{"@id":"https:\/\/invego.ee\/tiskreoja\/blogi\/vagev-verstapost-tiskreoja-200\/"},"wordCount":285,"commentCount":0,"publisher":{"@id":"https:\/\/invego.ee\/tiskreoja\/#organization"},"image":{"@id":"https:\/\/invego.ee\/tiskreoja\/blogi\/vagev-verstapost-tiskreoja-200\/#primaryimage"},"thumbnailUrl":"https:\/\/invego.ee\/tiskreoja\/wp-content\/uploads\/2020\/09\/Tiskreoja_maja3B_c2-1.jpg","articleSection":["Blogi"],"inLanguage":"et","potentialAction":[{"@type":"CommentAction","name":"Comment","target":["https:\/\/invego.ee\/tiskreoja\/blogi\/vagev-verstapost-tiskreoja-200\/#respond"]}]},{"@type":"WebPage","@id":"https:\/\/invego.ee\/tiskreoja\/blogi\/vagev-verstapost-tiskreoja-200\/","url":"https:\/\/invego.ee\/tiskreoja\/blogi\/vagev-verstapost-tiskreoja-200\/","name":"V\u00e4gev verstapost - Tiskreoja 200!","isPartOf":{"@id":"https:\/\/invego.ee\/tiskreoja\/#website"},"primaryImageOfPage":{"@id":"https:\/\/invego.ee\/tiskreoja\/blogi\/vagev-verstapost-tiskreoja-200\/#primaryimage"},"image":{"@id":"https:\/\/invego.ee\/tiskreoja\/blogi\/vagev-verstapost-tiskreoja-200\/#primaryimage"},"thumbnailUrl":"https:\/\/invego.ee\/tiskreoja\/wp-content\/uploads\/2020\/09\/Tiskreoja_maja3B_c2-1.jpg","datePublished":"2021-01-15T09:55:56+00:00","dateModified":"2021-01-15T09:56:51+00:00","description":"Jah, sel n\u00e4dalal l\u00f5ime k\u00e4ed juba 200. Eesti perega, kes on oma koduks valinud Tiskreoja elurajooni. V\u00e4hem kui kahe aastaga on juba pool k\u00f5igist algselt planeeritud kodudest omaniku leidnud.","breadcrumb":{"@id":"https:\/\/invego.ee\/tiskreoja\/blogi\/vagev-verstapost-tiskreoja-200\/#breadcrumb"},"inLanguage":"et","potentialAction":[{"@type":"ReadAction","target":["https:\/\/invego.ee\/tiskreoja\/blogi\/vagev-verstapost-tiskreoja-200\/"]}]},{"@type":"ImageObject","inLanguage":"et","@id":"https:\/\/invego.ee\/tiskreoja\/blogi\/vagev-verstapost-tiskreoja-200\/#primaryimage","url":"https:\/\/invego.ee\/tiskreoja\/wp-content\/uploads\/2020\/09\/Tiskreoja_maja3B_c2-1.jpg","contentUrl":"https:\/\/invego.ee\/tiskreoja\/wp-content\/uploads\/2020\/09\/Tiskreoja_maja3B_c2-1.jpg","width":1500,"height":844,"caption":"Tiskreoja kortermaja"},{"@type":"BreadcrumbList","@id":"https:\/\/invego.ee\/tiskreoja\/blogi\/vagev-verstapost-tiskreoja-200\/#breadcrumb","itemListElement":[{"@type":"ListItem","position":1,"name":"Home","item":"https:\/\/invego.ee\/tiskreoja\/"},{"@type":"ListItem","position":2,"name":"V\u00e4gev verstapost &#8211; Tiskreoja 200!"}]},{"@type":"WebSite","@id":"https:\/\/invego.ee\/tiskreoja\/#website","url":"https:\/\/invego.ee\/tiskreoja\/","name":"Tiskreoja - loome tulevikustandardi","description":"Tiskreoja on terviklik tuleviku elukeskkond \u00fcmbritsetud roheluse ja rohkete vaba aja veetmise v\u00f5imalustega.","publisher":{"@id":"https:\/\/invego.ee\/tiskreoja\/#organization"},"potentialAction":[{"@type":"SearchAction","target":{"@type":"EntryPoint","urlTemplate":"https:\/\/invego.ee\/tiskreoja\/?s={search_term_string}"},"query-input":{"@type":"PropertyValueSpecification","valueRequired":true,"valueName":"search_term_string"}}],"inLanguage":"et"},{"@type":"Organization","@id":"https:\/\/invego.ee\/tiskreoja\/#organization","name":"Tiskreoja - loome tulevikustandardi","url":"https:\/\/invego.ee\/tiskreoja\/","logo":{"@type":"ImageObject","inLanguage":"et","@id":"https:\/\/invego.ee\/tiskreoja\/#\/schema\/logo\/image\/","url":"https:\/\/invego.ee\/tiskreoja\/wp-content\/uploads\/2025\/04\/tiskreoja_logo_oranz.svg","contentUrl":"https:\/\/invego.ee\/tiskreoja\/wp-content\/uploads\/2025\/04\/tiskreoja_logo_oranz.svg","width":157,"height":157,"caption":"Tiskreoja - loome tulevikustandardi"},"image":{"@id":"https:\/\/invego.ee\/tiskreoja\/#\/schema\/logo\/image\/"}},{"@type":"Person","@id":"https:\/\/invego.ee\/tiskreoja\/#\/schema\/person\/aca914387bb0fd8e6e188a9c2ae929d3","name":"Heiki","image":{"@type":"ImageObject","inLanguage":"et","@id":"https:\/\/invego.ee\/tiskreoja\/#\/schema\/person\/image\/","url":"https:\/\/secure.gravatar.com\/avatar\/990f9aa7368b73f6d16c412f6ee08af054eacc4697e3e1b28821ad1a5f6cb6c7?s=96&d=mm&r=g","contentUrl":"https:\/\/secure.gravatar.com\/avatar\/990f9aa7368b73f6d16c412f6ee08af054eacc4697e3e1b28821ad1a5f6cb6c7?s=96&d=mm&r=g","caption":"Heiki"}}]}},"author_meta":{"display_name":"Heiki","author_link":"https:\/\/invego.ee\/tiskreoja\/author\/heiki\/"},"featured_img":"https:\/\/invego.ee\/tiskreoja\/wp-content\/uploads\/2020\/09\/Tiskreoja_maja3B_c2-1-250x141.jpg","coauthors":[],"tax_additional":{"categories":{"linked":["<a href=\"https:\/\/invego.ee\/tiskreoja\/blogi\/\" class=\"advgb-post-tax-term\">Blogi<\/a>"],"unlinked":["<span class=\"advgb-post-tax-term\">Blogi<\/span>"]}},"comment_count":"0","relative_dates":{"created":"Posted 5 aastat ago","modified":"Updated 5 aastat ago"},"absolute_dates":{"created":"Posted on jaanuar 15, 2021","modified":"Updated on jaanuar 15, 2021"},"absolute_dates_time":{"created":"Posted on jaanuar 15, 2021 11:55 e.l.","modified":"Updated on jaanuar 15, 2021 11:56 e.l."},"featured_img_caption":"","series_order":"","_links":{"self":[{"href":"https:\/\/invego.ee\/tiskreoja\/wp-json\/wp\/v2\/posts\/6882","targetHints":{"allow":["GET"]}}],"collection":[{"href":"https:\/\/invego.ee\/tiskreoja\/wp-json\/wp\/v2\/posts"}],"about":[{"href":"https:\/\/invego.ee\/tiskreoja\/wp-json\/wp\/v2\/types\/post"}],"author":[{"embeddable":true,"href":"https:\/\/invego.ee\/tiskreoja\/wp-json\/wp\/v2\/users\/5"}],"replies":[{"embeddable":true,"href":"https:\/\/invego.ee\/tiskreoja\/wp-json\/wp\/v2\/comments?post=6882"}],"version-history":[{"count":2,"href":"https:\/\/invego.ee\/tiskreoja\/wp-json\/wp\/v2\/posts\/6882\/revisions"}],"predecessor-version":[{"id":6884,"href":"https:\/\/invego.ee\/tiskreoja\/wp-json\/wp\/v2\/posts\/6882\/revisions\/6884"}],"wp:featuredmedia":[{"embeddable":true,"href":"https:\/\/invego.ee\/tiskreoja\/wp-json\/wp\/v2\/media\/5631"}],"wp:attachment":[{"href":"https:\/\/invego.ee\/tiskreoja\/wp-json\/wp\/v2\/media?parent=6882"}],"wp:term":[{"taxonomy":"category","embeddable":true,"href":"https:\/\/invego.ee\/tiskreoja\/wp-json\/wp\/v2\/categories?post=6882"},{"taxonomy":"post_tag","embeddable":true,"href":"https:\/\/invego.ee\/tiskreoja\/wp-json\/wp\/v2\/tags?post=6882"}],"curies":[{"name":"wp","href":"https:\/\/api.w.org\/{rel}","templated":true}]}}