{"id":6663,"date":"2020-12-03T20:56:20","date_gmt":"2020-12-03T18:56:20","guid":{"rendered":"https:\/\/invego.ee\/tiskreoja\/?p=6663"},"modified":"2020-12-03T20:56:20","modified_gmt":"2020-12-03T18:56:20","slug":"rekord-tiskreoja-elurajooni-osteti-novembris-iga-paev-uks-kodu","status":"publish","type":"post","link":"https:\/\/invego.ee\/tiskreoja\/blogi\/rekord-tiskreoja-elurajooni-osteti-novembris-iga-paev-uks-kodu\/","title":{"rendered":"REKORD: Tiskreoja elurajooni osteti novembris iga p\u00e4ev \u00fcks kodu"},"content":{"rendered":"\n<p><strong>Invego poolt arendatavas Tiskreoja elurajoonis tehti novembris \u00fcle-eestiline rekordtulemus, kui kokku osteti seal kuu jooksul 25 korterit v\u00f5i ridaelamut ehk igal t\u00f6\u00f6p\u00e4eval v\u00e4hemalt \u00fcks kodu.<\/strong><\/p>\n\n\n\n<p>\u201cNovember on kinnisvaraturul ka muidu aktiivne aeg, aga selline v\u00f5imas tulemus, eriti k\u00e4esoleval aastal, kus k\u00f5igest&nbsp;\u00fche kuuga ostetakse l\u00f5ppklientide poolt \u00e4ra&nbsp;k\u00f5ik \u00fche maja korterid, teeb silmad ette mitte ainult meie enda varasematele kuudele Tiskreojas, vaid ka k\u00f5igile teistele uusarendustele, mis praegu Eestis m\u00fc\u00fcgil on,\u201d kinnitas Invego juht Kristjan-Thor V\u00e4hi. Ta lisas, et kokku oli rekordkuu jooksul notaris p\u00f5hjust k\u00e4ia tegelikult isegi 70 korral, sest lisaks uutele korteriostjatele viidi l\u00f5puni ka suur hulk varem ostetud ja n\u00fc\u00fcd valminud kodude tehinguid.&nbsp;<\/p>\n\n\n\n<p>\u201cSee k\u00f5ik kinnitab, et erinevalt varakevadest on inimesed enesekindlamad ja majanduslik seis \u00fcldiselt \u00fcsna tugev, samuti meeldib Tiskreoja arendus inimestele ning on v\u00e4ga atraktiivne koht oma uue kodu rajamiseks, kus kvaliteedi ja hinna suhe on h\u00e4sti paigas. V\u00f5ib selgelt \u00f6elda, et v\u00e4\u00e4rt kinnisvara kriisi ei karda,\u201d selgitas V\u00e4hi, kelle s\u00f5nul on k\u00f5igist t\u00e4naseks elurajoonis valminud 115-st kodust m\u00fc\u00fcgil veel vaid \u00fcks ning j\u00e4rgmiste Tiskreoja kodude valmimist tuleb oodata suveni.<\/p>\n\n\n\n<p>Tiskreoja elurajoonis alustati novembris uute stiilsete A-energiaklassiga 5-toaliste ridaelamute m\u00fc\u00fcgiga, samuti tuli m\u00fc\u00fcgile kaks moodsat uut korterelamut, milles on 2-5toalised korterid. Mullu valisid koduotsijad Tiskreoja oma eelistatuks uusarenduseks.&nbsp;<\/p>\n\n\n\n<p>Kokku kerkib Tallinna piiril Harku vallas asuvasse Tiskreoja elurajooni terviklik tuleviku elurajoon 500 koduga. Elamute juurde on planeeritud majadevaheline park, kilomeetri jagu terviseradasid, rulapark, korvpalliv\u00e4ljak, suur laste m\u00e4nguala, rohkelt haljastust ning avar \u00f5unaaed. K\u00f5ik kortermajad on varustatud liftidega ning enamikel avaratel ja hea planeeringuga kodudel on terrassid v\u00f5i r\u00f5dud.<\/p>\n","protected":false},"excerpt":{"rendered":"","protected":false},"author":5,"featured_media":4893,"comment_status":"open","ping_status":"open","sticky":false,"template":"","format":"standard","meta":{"_acf_changed":false,"inline_featured_image":false,"advgb_blocks_editor_width":"","advgb_blocks_columns_visual_guide":"","_exactmetrics_skip_tracking":false,"_exactmetrics_sitenote_active":false,"_exactmetrics_sitenote_note":"","_exactmetrics_sitenote_category":0,"footnotes":""},"categories":[4],"tags":[],"class_list":["post-6663","post","type-post","status-publish","format-standard","has-post-thumbnail","hentry","category-blogi"],"acf":[],"yoast_head":"<!-- This site is optimized with the Yoast SEO plugin v24.9 - https:\/\/yoast.com\/wordpress\/plugins\/seo\/ -->\n<title>REKORD: Tiskreoja elurajooni osteti novembris iga p\u00e4ev \u00fcks kodu<\/title>\n<meta name=\"description\" content=\"Invego poolt arendatavas Tiskreoja elurajoonis tehti novembris \u00fcle-eestiline rekordtulemus, kui kokku osteti seal kuu jooksul 25 korterit v\u00f5i ridaelamut ehk igal t\u00f6\u00f6p\u00e4eval v\u00e4hemalt \u00fcks kodu.\" \/>\n<meta name=\"robots\" content=\"index, follow, max-snippet:-1, max-image-preview:large, max-video-preview:-1\" \/>\n<link rel=\"canonical\" href=\"https:\/\/invego.ee\/tiskreoja\/blogi\/rekord-tiskreoja-elurajooni-osteti-novembris-iga-paev-uks-kodu\/\" \/>\n<meta property=\"og:locale\" content=\"et_EE\" \/>\n<meta property=\"og:type\" content=\"article\" \/>\n<meta property=\"og:title\" content=\"REKORD: Tiskreoja elurajooni osteti novembris iga p\u00e4ev \u00fcks kodu\" \/>\n<meta property=\"og:description\" content=\"Invego poolt arendatavas Tiskreoja elurajoonis tehti novembris \u00fcle-eestiline rekordtulemus, kui kokku osteti seal kuu jooksul 25 korterit v\u00f5i ridaelamut ehk igal t\u00f6\u00f6p\u00e4eval v\u00e4hemalt \u00fcks kodu.\" \/>\n<meta property=\"og:url\" content=\"https:\/\/invego.ee\/tiskreoja\/blogi\/rekord-tiskreoja-elurajooni-osteti-novembris-iga-paev-uks-kodu\/\" \/>\n<meta property=\"og:site_name\" content=\"Tiskreoja - loome tulevikustandardi\" \/>\n<meta property=\"article:published_time\" content=\"2020-12-03T18:56:20+00:00\" \/>\n<meta property=\"og:image\" content=\"https:\/\/invego.ee\/tiskreoja\/wp-content\/uploads\/2020\/05\/tiskreoja-pilt-scaled.jpg\" \/>\n\t<meta property=\"og:image:width\" content=\"2560\" \/>\n\t<meta property=\"og:image:height\" content=\"1440\" \/>\n\t<meta property=\"og:image:type\" content=\"image\/jpeg\" \/>\n<meta name=\"author\" content=\"Heiki\" \/>\n<meta name=\"twitter:card\" content=\"summary_large_image\" \/>\n<script type=\"application\/ld+json\" class=\"yoast-schema-graph\">{\"@context\":\"https:\/\/schema.org\",\"@graph\":[{\"@type\":\"Article\",\"@id\":\"https:\/\/invego.ee\/tiskreoja\/blogi\/rekord-tiskreoja-elurajooni-osteti-novembris-iga-paev-uks-kodu\/#article\",\"isPartOf\":{\"@id\":\"https:\/\/invego.ee\/tiskreoja\/blogi\/rekord-tiskreoja-elurajooni-osteti-novembris-iga-paev-uks-kodu\/\"},\"author\":{\"name\":\"Heiki\",\"@id\":\"https:\/\/invego.ee\/tiskreoja\/#\/schema\/person\/aca914387bb0fd8e6e188a9c2ae929d3\"},\"headline\":\"REKORD: Tiskreoja elurajooni osteti novembris iga p\u00e4ev \u00fcks kodu\",\"datePublished\":\"2020-12-03T18:56:20+00:00\",\"mainEntityOfPage\":{\"@id\":\"https:\/\/invego.ee\/tiskreoja\/blogi\/rekord-tiskreoja-elurajooni-osteti-novembris-iga-paev-uks-kodu\/\"},\"wordCount\":298,\"commentCount\":0,\"publisher\":{\"@id\":\"https:\/\/invego.ee\/tiskreoja\/#organization\"},\"image\":{\"@id\":\"https:\/\/invego.ee\/tiskreoja\/blogi\/rekord-tiskreoja-elurajooni-osteti-novembris-iga-paev-uks-kodu\/#primaryimage\"},\"thumbnailUrl\":\"https:\/\/invego.ee\/tiskreoja\/wp-content\/uploads\/2020\/05\/tiskreoja-pilt-scaled.jpg\",\"articleSection\":[\"Blogi\"],\"inLanguage\":\"et\",\"potentialAction\":[{\"@type\":\"CommentAction\",\"name\":\"Comment\",\"target\":[\"https:\/\/invego.ee\/tiskreoja\/blogi\/rekord-tiskreoja-elurajooni-osteti-novembris-iga-paev-uks-kodu\/#respond\"]}]},{\"@type\":\"WebPage\",\"@id\":\"https:\/\/invego.ee\/tiskreoja\/blogi\/rekord-tiskreoja-elurajooni-osteti-novembris-iga-paev-uks-kodu\/\",\"url\":\"https:\/\/invego.ee\/tiskreoja\/blogi\/rekord-tiskreoja-elurajooni-osteti-novembris-iga-paev-uks-kodu\/\",\"name\":\"REKORD: Tiskreoja elurajooni osteti novembris iga p\u00e4ev \u00fcks kodu\",\"isPartOf\":{\"@id\":\"https:\/\/invego.ee\/tiskreoja\/#website\"},\"primaryImageOfPage\":{\"@id\":\"https:\/\/invego.ee\/tiskreoja\/blogi\/rekord-tiskreoja-elurajooni-osteti-novembris-iga-paev-uks-kodu\/#primaryimage\"},\"image\":{\"@id\":\"https:\/\/invego.ee\/tiskreoja\/blogi\/rekord-tiskreoja-elurajooni-osteti-novembris-iga-paev-uks-kodu\/#primaryimage\"},\"thumbnailUrl\":\"https:\/\/invego.ee\/tiskreoja\/wp-content\/uploads\/2020\/05\/tiskreoja-pilt-scaled.jpg\",\"datePublished\":\"2020-12-03T18:56:20+00:00\",\"description\":\"Invego poolt arendatavas Tiskreoja elurajoonis tehti novembris \u00fcle-eestiline rekordtulemus, kui kokku osteti seal kuu jooksul 25 korterit v\u00f5i ridaelamut ehk igal t\u00f6\u00f6p\u00e4eval v\u00e4hemalt \u00fcks kodu.\",\"breadcrumb\":{\"@id\":\"https:\/\/invego.ee\/tiskreoja\/blogi\/rekord-tiskreoja-elurajooni-osteti-novembris-iga-paev-uks-kodu\/#breadcrumb\"},\"inLanguage\":\"et\",\"potentialAction\":[{\"@type\":\"ReadAction\",\"target\":[\"https:\/\/invego.ee\/tiskreoja\/blogi\/rekord-tiskreoja-elurajooni-osteti-novembris-iga-paev-uks-kodu\/\"]}]},{\"@type\":\"ImageObject\",\"inLanguage\":\"et\",\"@id\":\"https:\/\/invego.ee\/tiskreoja\/blogi\/rekord-tiskreoja-elurajooni-osteti-novembris-iga-paev-uks-kodu\/#primaryimage\",\"url\":\"https:\/\/invego.ee\/tiskreoja\/wp-content\/uploads\/2020\/05\/tiskreoja-pilt-scaled.jpg\",\"contentUrl\":\"https:\/\/invego.ee\/tiskreoja\/wp-content\/uploads\/2020\/05\/tiskreoja-pilt-scaled.jpg\",\"width\":2560,\"height\":1440},{\"@type\":\"BreadcrumbList\",\"@id\":\"https:\/\/invego.ee\/tiskreoja\/blogi\/rekord-tiskreoja-elurajooni-osteti-novembris-iga-paev-uks-kodu\/#breadcrumb\",\"itemListElement\":[{\"@type\":\"ListItem\",\"position\":1,\"name\":\"Home\",\"item\":\"https:\/\/invego.ee\/tiskreoja\/\"},{\"@type\":\"ListItem\",\"position\":2,\"name\":\"REKORD: Tiskreoja elurajooni osteti novembris iga p\u00e4ev \u00fcks kodu\"}]},{\"@type\":\"WebSite\",\"@id\":\"https:\/\/invego.ee\/tiskreoja\/#website\",\"url\":\"https:\/\/invego.ee\/tiskreoja\/\",\"name\":\"Tiskreoja - loome tulevikustandardi\",\"description\":\"Tiskreoja on terviklik tuleviku elukeskkond \u00fcmbritsetud roheluse ja rohkete vaba aja veetmise v\u00f5imalustega.\",\"publisher\":{\"@id\":\"https:\/\/invego.ee\/tiskreoja\/#organization\"},\"potentialAction\":[{\"@type\":\"SearchAction\",\"target\":{\"@type\":\"EntryPoint\",\"urlTemplate\":\"https:\/\/invego.ee\/tiskreoja\/?s={search_term_string}\"},\"query-input\":{\"@type\":\"PropertyValueSpecification\",\"valueRequired\":true,\"valueName\":\"search_term_string\"}}],\"inLanguage\":\"et\"},{\"@type\":\"Organization\",\"@id\":\"https:\/\/invego.ee\/tiskreoja\/#organization\",\"name\":\"Tiskreoja - loome tulevikustandardi\",\"url\":\"https:\/\/invego.ee\/tiskreoja\/\",\"logo\":{\"@type\":\"ImageObject\",\"inLanguage\":\"et\",\"@id\":\"https:\/\/invego.ee\/tiskreoja\/#\/schema\/logo\/image\/\",\"url\":\"https:\/\/invego.ee\/tiskreoja\/wp-content\/uploads\/2025\/04\/tiskreoja_logo_oranz.svg\",\"contentUrl\":\"https:\/\/invego.ee\/tiskreoja\/wp-content\/uploads\/2025\/04\/tiskreoja_logo_oranz.svg\",\"width\":157,\"height\":157,\"caption\":\"Tiskreoja - loome tulevikustandardi\"},\"image\":{\"@id\":\"https:\/\/invego.ee\/tiskreoja\/#\/schema\/logo\/image\/\"}},{\"@type\":\"Person\",\"@id\":\"https:\/\/invego.ee\/tiskreoja\/#\/schema\/person\/aca914387bb0fd8e6e188a9c2ae929d3\",\"name\":\"Heiki\",\"image\":{\"@type\":\"ImageObject\",\"inLanguage\":\"et\",\"@id\":\"https:\/\/invego.ee\/tiskreoja\/#\/schema\/person\/image\/\",\"url\":\"https:\/\/secure.gravatar.com\/avatar\/990f9aa7368b73f6d16c412f6ee08af054eacc4697e3e1b28821ad1a5f6cb6c7?s=96&d=mm&r=g\",\"contentUrl\":\"https:\/\/secure.gravatar.com\/avatar\/990f9aa7368b73f6d16c412f6ee08af054eacc4697e3e1b28821ad1a5f6cb6c7?s=96&d=mm&r=g\",\"caption\":\"Heiki\"}}]}<\/script>\n<!-- \/ Yoast SEO plugin. -->","yoast_head_json":{"title":"REKORD: Tiskreoja elurajooni osteti novembris iga p\u00e4ev \u00fcks kodu","description":"Invego poolt arendatavas Tiskreoja elurajoonis tehti novembris \u00fcle-eestiline rekordtulemus, kui kokku osteti seal kuu jooksul 25 korterit v\u00f5i ridaelamut ehk igal t\u00f6\u00f6p\u00e4eval v\u00e4hemalt \u00fcks kodu.","robots":{"index":"index","follow":"follow","max-snippet":"max-snippet:-1","max-image-preview":"max-image-preview:large","max-video-preview":"max-video-preview:-1"},"canonical":"https:\/\/invego.ee\/tiskreoja\/blogi\/rekord-tiskreoja-elurajooni-osteti-novembris-iga-paev-uks-kodu\/","og_locale":"et_EE","og_type":"article","og_title":"REKORD: Tiskreoja elurajooni osteti novembris iga p\u00e4ev \u00fcks kodu","og_description":"Invego poolt arendatavas Tiskreoja elurajoonis tehti novembris \u00fcle-eestiline rekordtulemus, kui kokku osteti seal kuu jooksul 25 korterit v\u00f5i ridaelamut ehk igal t\u00f6\u00f6p\u00e4eval v\u00e4hemalt \u00fcks kodu.","og_url":"https:\/\/invego.ee\/tiskreoja\/blogi\/rekord-tiskreoja-elurajooni-osteti-novembris-iga-paev-uks-kodu\/","og_site_name":"Tiskreoja - loome tulevikustandardi","article_published_time":"2020-12-03T18:56:20+00:00","og_image":[{"width":2560,"height":1440,"url":"https:\/\/invego.ee\/tiskreoja\/wp-content\/uploads\/2020\/05\/tiskreoja-pilt-scaled.jpg","type":"image\/jpeg"}],"author":"Heiki","twitter_card":"summary_large_image","schema":{"@context":"https:\/\/schema.org","@graph":[{"@type":"Article","@id":"https:\/\/invego.ee\/tiskreoja\/blogi\/rekord-tiskreoja-elurajooni-osteti-novembris-iga-paev-uks-kodu\/#article","isPartOf":{"@id":"https:\/\/invego.ee\/tiskreoja\/blogi\/rekord-tiskreoja-elurajooni-osteti-novembris-iga-paev-uks-kodu\/"},"author":{"name":"Heiki","@id":"https:\/\/invego.ee\/tiskreoja\/#\/schema\/person\/aca914387bb0fd8e6e188a9c2ae929d3"},"headline":"REKORD: Tiskreoja elurajooni osteti novembris iga p\u00e4ev \u00fcks kodu","datePublished":"2020-12-03T18:56:20+00:00","mainEntityOfPage":{"@id":"https:\/\/invego.ee\/tiskreoja\/blogi\/rekord-tiskreoja-elurajooni-osteti-novembris-iga-paev-uks-kodu\/"},"wordCount":298,"commentCount":0,"publisher":{"@id":"https:\/\/invego.ee\/tiskreoja\/#organization"},"image":{"@id":"https:\/\/invego.ee\/tiskreoja\/blogi\/rekord-tiskreoja-elurajooni-osteti-novembris-iga-paev-uks-kodu\/#primaryimage"},"thumbnailUrl":"https:\/\/invego.ee\/tiskreoja\/wp-content\/uploads\/2020\/05\/tiskreoja-pilt-scaled.jpg","articleSection":["Blogi"],"inLanguage":"et","potentialAction":[{"@type":"CommentAction","name":"Comment","target":["https:\/\/invego.ee\/tiskreoja\/blogi\/rekord-tiskreoja-elurajooni-osteti-novembris-iga-paev-uks-kodu\/#respond"]}]},{"@type":"WebPage","@id":"https:\/\/invego.ee\/tiskreoja\/blogi\/rekord-tiskreoja-elurajooni-osteti-novembris-iga-paev-uks-kodu\/","url":"https:\/\/invego.ee\/tiskreoja\/blogi\/rekord-tiskreoja-elurajooni-osteti-novembris-iga-paev-uks-kodu\/","name":"REKORD: Tiskreoja elurajooni osteti novembris iga p\u00e4ev \u00fcks kodu","isPartOf":{"@id":"https:\/\/invego.ee\/tiskreoja\/#website"},"primaryImageOfPage":{"@id":"https:\/\/invego.ee\/tiskreoja\/blogi\/rekord-tiskreoja-elurajooni-osteti-novembris-iga-paev-uks-kodu\/#primaryimage"},"image":{"@id":"https:\/\/invego.ee\/tiskreoja\/blogi\/rekord-tiskreoja-elurajooni-osteti-novembris-iga-paev-uks-kodu\/#primaryimage"},"thumbnailUrl":"https:\/\/invego.ee\/tiskreoja\/wp-content\/uploads\/2020\/05\/tiskreoja-pilt-scaled.jpg","datePublished":"2020-12-03T18:56:20+00:00","description":"Invego poolt arendatavas Tiskreoja elurajoonis tehti novembris \u00fcle-eestiline rekordtulemus, kui kokku osteti seal kuu jooksul 25 korterit v\u00f5i ridaelamut ehk igal t\u00f6\u00f6p\u00e4eval v\u00e4hemalt \u00fcks kodu.","breadcrumb":{"@id":"https:\/\/invego.ee\/tiskreoja\/blogi\/rekord-tiskreoja-elurajooni-osteti-novembris-iga-paev-uks-kodu\/#breadcrumb"},"inLanguage":"et","potentialAction":[{"@type":"ReadAction","target":["https:\/\/invego.ee\/tiskreoja\/blogi\/rekord-tiskreoja-elurajooni-osteti-novembris-iga-paev-uks-kodu\/"]}]},{"@type":"ImageObject","inLanguage":"et","@id":"https:\/\/invego.ee\/tiskreoja\/blogi\/rekord-tiskreoja-elurajooni-osteti-novembris-iga-paev-uks-kodu\/#primaryimage","url":"https:\/\/invego.ee\/tiskreoja\/wp-content\/uploads\/2020\/05\/tiskreoja-pilt-scaled.jpg","contentUrl":"https:\/\/invego.ee\/tiskreoja\/wp-content\/uploads\/2020\/05\/tiskreoja-pilt-scaled.jpg","width":2560,"height":1440},{"@type":"BreadcrumbList","@id":"https:\/\/invego.ee\/tiskreoja\/blogi\/rekord-tiskreoja-elurajooni-osteti-novembris-iga-paev-uks-kodu\/#breadcrumb","itemListElement":[{"@type":"ListItem","position":1,"name":"Home","item":"https:\/\/invego.ee\/tiskreoja\/"},{"@type":"ListItem","position":2,"name":"REKORD: Tiskreoja elurajooni osteti novembris iga p\u00e4ev \u00fcks kodu"}]},{"@type":"WebSite","@id":"https:\/\/invego.ee\/tiskreoja\/#website","url":"https:\/\/invego.ee\/tiskreoja\/","name":"Tiskreoja - loome tulevikustandardi","description":"Tiskreoja on terviklik tuleviku elukeskkond \u00fcmbritsetud roheluse ja rohkete vaba aja veetmise v\u00f5imalustega.","publisher":{"@id":"https:\/\/invego.ee\/tiskreoja\/#organization"},"potentialAction":[{"@type":"SearchAction","target":{"@type":"EntryPoint","urlTemplate":"https:\/\/invego.ee\/tiskreoja\/?s={search_term_string}"},"query-input":{"@type":"PropertyValueSpecification","valueRequired":true,"valueName":"search_term_string"}}],"inLanguage":"et"},{"@type":"Organization","@id":"https:\/\/invego.ee\/tiskreoja\/#organization","name":"Tiskreoja - loome tulevikustandardi","url":"https:\/\/invego.ee\/tiskreoja\/","logo":{"@type":"ImageObject","inLanguage":"et","@id":"https:\/\/invego.ee\/tiskreoja\/#\/schema\/logo\/image\/","url":"https:\/\/invego.ee\/tiskreoja\/wp-content\/uploads\/2025\/04\/tiskreoja_logo_oranz.svg","contentUrl":"https:\/\/invego.ee\/tiskreoja\/wp-content\/uploads\/2025\/04\/tiskreoja_logo_oranz.svg","width":157,"height":157,"caption":"Tiskreoja - loome tulevikustandardi"},"image":{"@id":"https:\/\/invego.ee\/tiskreoja\/#\/schema\/logo\/image\/"}},{"@type":"Person","@id":"https:\/\/invego.ee\/tiskreoja\/#\/schema\/person\/aca914387bb0fd8e6e188a9c2ae929d3","name":"Heiki","image":{"@type":"ImageObject","inLanguage":"et","@id":"https:\/\/invego.ee\/tiskreoja\/#\/schema\/person\/image\/","url":"https:\/\/secure.gravatar.com\/avatar\/990f9aa7368b73f6d16c412f6ee08af054eacc4697e3e1b28821ad1a5f6cb6c7?s=96&d=mm&r=g","contentUrl":"https:\/\/secure.gravatar.com\/avatar\/990f9aa7368b73f6d16c412f6ee08af054eacc4697e3e1b28821ad1a5f6cb6c7?s=96&d=mm&r=g","caption":"Heiki"}}]}},"author_meta":{"display_name":"Heiki","author_link":"https:\/\/invego.ee\/tiskreoja\/author\/heiki\/"},"featured_img":"https:\/\/invego.ee\/tiskreoja\/wp-content\/uploads\/2020\/05\/tiskreoja-pilt-250x141.jpg","coauthors":[],"tax_additional":{"categories":{"linked":["<a href=\"https:\/\/invego.ee\/tiskreoja\/blogi\/\" class=\"advgb-post-tax-term\">Blogi<\/a>"],"unlinked":["<span class=\"advgb-post-tax-term\">Blogi<\/span>"]}},"comment_count":"0","relative_dates":{"created":"Posted 5 aastat ago","modified":"Updated 5 aastat ago"},"absolute_dates":{"created":"Posted on detsember 3, 2020","modified":"Updated on detsember 3, 2020"},"absolute_dates_time":{"created":"Posted on detsember 3, 2020 8:56 p.l.","modified":"Updated on detsember 3, 2020 8:56 p.l."},"featured_img_caption":"","series_order":"","_links":{"self":[{"href":"https:\/\/invego.ee\/tiskreoja\/wp-json\/wp\/v2\/posts\/6663","targetHints":{"allow":["GET"]}}],"collection":[{"href":"https:\/\/invego.ee\/tiskreoja\/wp-json\/wp\/v2\/posts"}],"about":[{"href":"https:\/\/invego.ee\/tiskreoja\/wp-json\/wp\/v2\/types\/post"}],"author":[{"embeddable":true,"href":"https:\/\/invego.ee\/tiskreoja\/wp-json\/wp\/v2\/users\/5"}],"replies":[{"embeddable":true,"href":"https:\/\/invego.ee\/tiskreoja\/wp-json\/wp\/v2\/comments?post=6663"}],"version-history":[{"count":1,"href":"https:\/\/invego.ee\/tiskreoja\/wp-json\/wp\/v2\/posts\/6663\/revisions"}],"predecessor-version":[{"id":6664,"href":"https:\/\/invego.ee\/tiskreoja\/wp-json\/wp\/v2\/posts\/6663\/revisions\/6664"}],"wp:featuredmedia":[{"embeddable":true,"href":"https:\/\/invego.ee\/tiskreoja\/wp-json\/wp\/v2\/media\/4893"}],"wp:attachment":[{"href":"https:\/\/invego.ee\/tiskreoja\/wp-json\/wp\/v2\/media?parent=6663"}],"wp:term":[{"taxonomy":"category","embeddable":true,"href":"https:\/\/invego.ee\/tiskreoja\/wp-json\/wp\/v2\/categories?post=6663"},{"taxonomy":"post_tag","embeddable":true,"href":"https:\/\/invego.ee\/tiskreoja\/wp-json\/wp\/v2\/tags?post=6663"}],"curies":[{"name":"wp","href":"https:\/\/api.w.org\/{rel}","templated":true}]}}