{"id":6581,"date":"2020-11-27T10:30:30","date_gmt":"2020-11-27T08:30:30","guid":{"rendered":"https:\/\/invego.ee\/tiskreoja\/?p=6581"},"modified":"2020-11-27T10:30:32","modified_gmt":"2020-11-27T08:30:32","slug":"tiskreoja-kaks-uut-maja-saavutasid-oma-lopliku-korguse","status":"publish","type":"post","link":"https:\/\/invego.ee\/tiskreoja\/blogi\/tiskreoja-kaks-uut-maja-saavutasid-oma-lopliku-korguse\/","title":{"rendered":"Tiskreoja kaks uut maja saavutasid oma l\u00f5pliku k\u00f5rguse"},"content":{"rendered":"\n<p><strong>Eelmisel n\u00e4dalal saime Tiskreoja elurajoonis pidada sarikapidu korraga kahes uues kortermajas, et t\u00e4nada NOBE ehitajaid senise tubli t\u00f6\u00f6 eest.<\/strong><\/p>\n\n\n\n<p>Oma l\u00f5pliku k\u00f5rguse saavutasid&nbsp;29&nbsp;korteriga Taverni 1\/2 ja 21 korteriga K\u00fcnka 4 majad. Moodsa arhitektuuriga korterelamud valmivad j\u00e4rgmise aasta kevadel-suvel ning t\u00e4naseks on kummaski veel vaid \u00fcksikud vabad korterid saadaval.<\/p>\n\n\n\n<p>Samuti on Tiskreojas kopp l\u00e4inud maasse Taverni 1\/1\u00a0ja Uuspere tee 5\/1\u00a0kortermaja ehitamiseks ning kohe on j\u00e4rg ka Uuuspere tee 5\/2 hoone k\u00e4es. Need kolm kortermaja valmivad j\u00e4rgmisel s\u00fcgisel \u2013 samal ajal, kui hakkavad valmima ka Tiskreoja esimesed uued ridaelamud.\u00a0<\/p>\n\n\n\n<figure class=\"wp-block-image size-large\"><img loading=\"lazy\" decoding=\"async\" width=\"700\" height=\"467\" src=\"https:\/\/invego.ee\/tiskreoja\/wp-content\/uploads\/2020\/11\/DSC09836-700x467.jpg\" alt=\"\" class=\"wp-image-6582\" srcset=\"https:\/\/invego.ee\/tiskreoja\/wp-content\/uploads\/2020\/11\/DSC09836-700x467.jpg 700w, https:\/\/invego.ee\/tiskreoja\/wp-content\/uploads\/2020\/11\/DSC09836-250x167.jpg 250w, https:\/\/invego.ee\/tiskreoja\/wp-content\/uploads\/2020\/11\/DSC09836-768x512.jpg 768w, https:\/\/invego.ee\/tiskreoja\/wp-content\/uploads\/2020\/11\/DSC09836-1536x1024.jpg 1536w, https:\/\/invego.ee\/tiskreoja\/wp-content\/uploads\/2020\/11\/DSC09836-120x80.jpg 120w, https:\/\/invego.ee\/tiskreoja\/wp-content\/uploads\/2020\/11\/DSC09836.jpg 1600w\" sizes=\"auto, (max-width: 700px) 100vw, 700px\" \/><\/figure>\n","protected":false},"excerpt":{"rendered":"","protected":false},"author":5,"featured_media":6585,"comment_status":"open","ping_status":"open","sticky":false,"template":"","format":"standard","meta":{"_acf_changed":false,"inline_featured_image":false,"advgb_blocks_editor_width":"","advgb_blocks_columns_visual_guide":"","_exactmetrics_skip_tracking":false,"_exactmetrics_sitenote_active":false,"_exactmetrics_sitenote_note":"","_exactmetrics_sitenote_category":0,"footnotes":""},"categories":[4],"tags":[],"class_list":["post-6581","post","type-post","status-publish","format-standard","has-post-thumbnail","hentry","category-blogi"],"acf":[],"yoast_head":"<!-- This site is optimized with the Yoast SEO plugin v24.9 - https:\/\/yoast.com\/wordpress\/plugins\/seo\/ -->\n<title>Tiskreoja kaks uut maja saavutasid oma l\u00f5pliku k\u00f5rguse<\/title>\n<meta name=\"description\" content=\"Eelmisel n\u00e4dalal saime Tiskreoja elurajoonis pidada sarikapidu korraga kahes uues kortermajas, et t\u00e4nada NOBE ehitajaid senise tubli t\u00f6\u00f6 eest.\" \/>\n<meta name=\"robots\" content=\"index, follow, max-snippet:-1, max-image-preview:large, max-video-preview:-1\" \/>\n<link rel=\"canonical\" href=\"https:\/\/invego.ee\/tiskreoja\/blogi\/tiskreoja-kaks-uut-maja-saavutasid-oma-lopliku-korguse\/\" \/>\n<meta property=\"og:locale\" content=\"et_EE\" \/>\n<meta property=\"og:type\" content=\"article\" \/>\n<meta property=\"og:title\" content=\"Tiskreoja kaks uut maja saavutasid oma l\u00f5pliku k\u00f5rguse\" \/>\n<meta property=\"og:description\" content=\"Eelmisel n\u00e4dalal saime Tiskreoja elurajoonis pidada sarikapidu korraga kahes uues kortermajas, et t\u00e4nada NOBE ehitajaid senise tubli t\u00f6\u00f6 eest.\" \/>\n<meta property=\"og:url\" content=\"https:\/\/invego.ee\/tiskreoja\/blogi\/tiskreoja-kaks-uut-maja-saavutasid-oma-lopliku-korguse\/\" \/>\n<meta property=\"og:site_name\" content=\"Tiskreoja - loome tulevikustandardi\" \/>\n<meta property=\"article:published_time\" content=\"2020-11-27T08:30:30+00:00\" \/>\n<meta property=\"article:modified_time\" content=\"2020-11-27T08:30:32+00:00\" \/>\n<meta property=\"og:image\" content=\"https:\/\/invego.ee\/tiskreoja\/wp-content\/uploads\/2020\/11\/DSC09856.jpg\" \/>\n\t<meta property=\"og:image:width\" content=\"1600\" \/>\n\t<meta property=\"og:image:height\" content=\"1067\" \/>\n\t<meta property=\"og:image:type\" content=\"image\/jpeg\" \/>\n<meta name=\"author\" content=\"Heiki\" \/>\n<meta name=\"twitter:card\" content=\"summary_large_image\" \/>\n<script type=\"application\/ld+json\" class=\"yoast-schema-graph\">{\"@context\":\"https:\/\/schema.org\",\"@graph\":[{\"@type\":\"Article\",\"@id\":\"https:\/\/invego.ee\/tiskreoja\/blogi\/tiskreoja-kaks-uut-maja-saavutasid-oma-lopliku-korguse\/#article\",\"isPartOf\":{\"@id\":\"https:\/\/invego.ee\/tiskreoja\/blogi\/tiskreoja-kaks-uut-maja-saavutasid-oma-lopliku-korguse\/\"},\"author\":{\"name\":\"Heiki\",\"@id\":\"https:\/\/invego.ee\/tiskreoja\/#\/schema\/person\/aca914387bb0fd8e6e188a9c2ae929d3\"},\"headline\":\"Tiskreoja kaks uut maja saavutasid oma l\u00f5pliku k\u00f5rguse\",\"datePublished\":\"2020-11-27T08:30:30+00:00\",\"dateModified\":\"2020-11-27T08:30:32+00:00\",\"mainEntityOfPage\":{\"@id\":\"https:\/\/invego.ee\/tiskreoja\/blogi\/tiskreoja-kaks-uut-maja-saavutasid-oma-lopliku-korguse\/\"},\"wordCount\":107,\"commentCount\":0,\"publisher\":{\"@id\":\"https:\/\/invego.ee\/tiskreoja\/#organization\"},\"image\":{\"@id\":\"https:\/\/invego.ee\/tiskreoja\/blogi\/tiskreoja-kaks-uut-maja-saavutasid-oma-lopliku-korguse\/#primaryimage\"},\"thumbnailUrl\":\"https:\/\/invego.ee\/tiskreoja\/wp-content\/uploads\/2020\/11\/DSC09856.jpg\",\"articleSection\":[\"Blogi\"],\"inLanguage\":\"et\",\"potentialAction\":[{\"@type\":\"CommentAction\",\"name\":\"Comment\",\"target\":[\"https:\/\/invego.ee\/tiskreoja\/blogi\/tiskreoja-kaks-uut-maja-saavutasid-oma-lopliku-korguse\/#respond\"]}]},{\"@type\":\"WebPage\",\"@id\":\"https:\/\/invego.ee\/tiskreoja\/blogi\/tiskreoja-kaks-uut-maja-saavutasid-oma-lopliku-korguse\/\",\"url\":\"https:\/\/invego.ee\/tiskreoja\/blogi\/tiskreoja-kaks-uut-maja-saavutasid-oma-lopliku-korguse\/\",\"name\":\"Tiskreoja kaks uut maja saavutasid oma l\u00f5pliku k\u00f5rguse\",\"isPartOf\":{\"@id\":\"https:\/\/invego.ee\/tiskreoja\/#website\"},\"primaryImageOfPage\":{\"@id\":\"https:\/\/invego.ee\/tiskreoja\/blogi\/tiskreoja-kaks-uut-maja-saavutasid-oma-lopliku-korguse\/#primaryimage\"},\"image\":{\"@id\":\"https:\/\/invego.ee\/tiskreoja\/blogi\/tiskreoja-kaks-uut-maja-saavutasid-oma-lopliku-korguse\/#primaryimage\"},\"thumbnailUrl\":\"https:\/\/invego.ee\/tiskreoja\/wp-content\/uploads\/2020\/11\/DSC09856.jpg\",\"datePublished\":\"2020-11-27T08:30:30+00:00\",\"dateModified\":\"2020-11-27T08:30:32+00:00\",\"description\":\"Eelmisel n\u00e4dalal saime Tiskreoja elurajoonis pidada sarikapidu korraga kahes uues kortermajas, et t\u00e4nada NOBE ehitajaid senise tubli t\u00f6\u00f6 eest.\",\"breadcrumb\":{\"@id\":\"https:\/\/invego.ee\/tiskreoja\/blogi\/tiskreoja-kaks-uut-maja-saavutasid-oma-lopliku-korguse\/#breadcrumb\"},\"inLanguage\":\"et\",\"potentialAction\":[{\"@type\":\"ReadAction\",\"target\":[\"https:\/\/invego.ee\/tiskreoja\/blogi\/tiskreoja-kaks-uut-maja-saavutasid-oma-lopliku-korguse\/\"]}]},{\"@type\":\"ImageObject\",\"inLanguage\":\"et\",\"@id\":\"https:\/\/invego.ee\/tiskreoja\/blogi\/tiskreoja-kaks-uut-maja-saavutasid-oma-lopliku-korguse\/#primaryimage\",\"url\":\"https:\/\/invego.ee\/tiskreoja\/wp-content\/uploads\/2020\/11\/DSC09856.jpg\",\"contentUrl\":\"https:\/\/invego.ee\/tiskreoja\/wp-content\/uploads\/2020\/11\/DSC09856.jpg\",\"width\":1600,\"height\":1067},{\"@type\":\"BreadcrumbList\",\"@id\":\"https:\/\/invego.ee\/tiskreoja\/blogi\/tiskreoja-kaks-uut-maja-saavutasid-oma-lopliku-korguse\/#breadcrumb\",\"itemListElement\":[{\"@type\":\"ListItem\",\"position\":1,\"name\":\"Home\",\"item\":\"https:\/\/invego.ee\/tiskreoja\/\"},{\"@type\":\"ListItem\",\"position\":2,\"name\":\"Tiskreoja kaks uut maja saavutasid oma l\u00f5pliku k\u00f5rguse\"}]},{\"@type\":\"WebSite\",\"@id\":\"https:\/\/invego.ee\/tiskreoja\/#website\",\"url\":\"https:\/\/invego.ee\/tiskreoja\/\",\"name\":\"Tiskreoja - loome tulevikustandardi\",\"description\":\"Tiskreoja on terviklik tuleviku elukeskkond \u00fcmbritsetud roheluse ja rohkete vaba aja veetmise v\u00f5imalustega.\",\"publisher\":{\"@id\":\"https:\/\/invego.ee\/tiskreoja\/#organization\"},\"potentialAction\":[{\"@type\":\"SearchAction\",\"target\":{\"@type\":\"EntryPoint\",\"urlTemplate\":\"https:\/\/invego.ee\/tiskreoja\/?s={search_term_string}\"},\"query-input\":{\"@type\":\"PropertyValueSpecification\",\"valueRequired\":true,\"valueName\":\"search_term_string\"}}],\"inLanguage\":\"et\"},{\"@type\":\"Organization\",\"@id\":\"https:\/\/invego.ee\/tiskreoja\/#organization\",\"name\":\"Tiskreoja - loome tulevikustandardi\",\"url\":\"https:\/\/invego.ee\/tiskreoja\/\",\"logo\":{\"@type\":\"ImageObject\",\"inLanguage\":\"et\",\"@id\":\"https:\/\/invego.ee\/tiskreoja\/#\/schema\/logo\/image\/\",\"url\":\"https:\/\/invego.ee\/tiskreoja\/wp-content\/uploads\/2025\/04\/tiskreoja_logo_oranz.svg\",\"contentUrl\":\"https:\/\/invego.ee\/tiskreoja\/wp-content\/uploads\/2025\/04\/tiskreoja_logo_oranz.svg\",\"width\":157,\"height\":157,\"caption\":\"Tiskreoja - loome tulevikustandardi\"},\"image\":{\"@id\":\"https:\/\/invego.ee\/tiskreoja\/#\/schema\/logo\/image\/\"}},{\"@type\":\"Person\",\"@id\":\"https:\/\/invego.ee\/tiskreoja\/#\/schema\/person\/aca914387bb0fd8e6e188a9c2ae929d3\",\"name\":\"Heiki\",\"image\":{\"@type\":\"ImageObject\",\"inLanguage\":\"et\",\"@id\":\"https:\/\/invego.ee\/tiskreoja\/#\/schema\/person\/image\/\",\"url\":\"https:\/\/secure.gravatar.com\/avatar\/990f9aa7368b73f6d16c412f6ee08af054eacc4697e3e1b28821ad1a5f6cb6c7?s=96&d=mm&r=g\",\"contentUrl\":\"https:\/\/secure.gravatar.com\/avatar\/990f9aa7368b73f6d16c412f6ee08af054eacc4697e3e1b28821ad1a5f6cb6c7?s=96&d=mm&r=g\",\"caption\":\"Heiki\"}}]}<\/script>\n<!-- \/ Yoast SEO plugin. -->","yoast_head_json":{"title":"Tiskreoja kaks uut maja saavutasid oma l\u00f5pliku k\u00f5rguse","description":"Eelmisel n\u00e4dalal saime Tiskreoja elurajoonis pidada sarikapidu korraga kahes uues kortermajas, et t\u00e4nada NOBE ehitajaid senise tubli t\u00f6\u00f6 eest.","robots":{"index":"index","follow":"follow","max-snippet":"max-snippet:-1","max-image-preview":"max-image-preview:large","max-video-preview":"max-video-preview:-1"},"canonical":"https:\/\/invego.ee\/tiskreoja\/blogi\/tiskreoja-kaks-uut-maja-saavutasid-oma-lopliku-korguse\/","og_locale":"et_EE","og_type":"article","og_title":"Tiskreoja kaks uut maja saavutasid oma l\u00f5pliku k\u00f5rguse","og_description":"Eelmisel n\u00e4dalal saime Tiskreoja elurajoonis pidada sarikapidu korraga kahes uues kortermajas, et t\u00e4nada NOBE ehitajaid senise tubli t\u00f6\u00f6 eest.","og_url":"https:\/\/invego.ee\/tiskreoja\/blogi\/tiskreoja-kaks-uut-maja-saavutasid-oma-lopliku-korguse\/","og_site_name":"Tiskreoja - loome tulevikustandardi","article_published_time":"2020-11-27T08:30:30+00:00","article_modified_time":"2020-11-27T08:30:32+00:00","og_image":[{"width":1600,"height":1067,"url":"https:\/\/invego.ee\/tiskreoja\/wp-content\/uploads\/2020\/11\/DSC09856.jpg","type":"image\/jpeg"}],"author":"Heiki","twitter_card":"summary_large_image","schema":{"@context":"https:\/\/schema.org","@graph":[{"@type":"Article","@id":"https:\/\/invego.ee\/tiskreoja\/blogi\/tiskreoja-kaks-uut-maja-saavutasid-oma-lopliku-korguse\/#article","isPartOf":{"@id":"https:\/\/invego.ee\/tiskreoja\/blogi\/tiskreoja-kaks-uut-maja-saavutasid-oma-lopliku-korguse\/"},"author":{"name":"Heiki","@id":"https:\/\/invego.ee\/tiskreoja\/#\/schema\/person\/aca914387bb0fd8e6e188a9c2ae929d3"},"headline":"Tiskreoja kaks uut maja saavutasid oma l\u00f5pliku k\u00f5rguse","datePublished":"2020-11-27T08:30:30+00:00","dateModified":"2020-11-27T08:30:32+00:00","mainEntityOfPage":{"@id":"https:\/\/invego.ee\/tiskreoja\/blogi\/tiskreoja-kaks-uut-maja-saavutasid-oma-lopliku-korguse\/"},"wordCount":107,"commentCount":0,"publisher":{"@id":"https:\/\/invego.ee\/tiskreoja\/#organization"},"image":{"@id":"https:\/\/invego.ee\/tiskreoja\/blogi\/tiskreoja-kaks-uut-maja-saavutasid-oma-lopliku-korguse\/#primaryimage"},"thumbnailUrl":"https:\/\/invego.ee\/tiskreoja\/wp-content\/uploads\/2020\/11\/DSC09856.jpg","articleSection":["Blogi"],"inLanguage":"et","potentialAction":[{"@type":"CommentAction","name":"Comment","target":["https:\/\/invego.ee\/tiskreoja\/blogi\/tiskreoja-kaks-uut-maja-saavutasid-oma-lopliku-korguse\/#respond"]}]},{"@type":"WebPage","@id":"https:\/\/invego.ee\/tiskreoja\/blogi\/tiskreoja-kaks-uut-maja-saavutasid-oma-lopliku-korguse\/","url":"https:\/\/invego.ee\/tiskreoja\/blogi\/tiskreoja-kaks-uut-maja-saavutasid-oma-lopliku-korguse\/","name":"Tiskreoja kaks uut maja saavutasid oma l\u00f5pliku k\u00f5rguse","isPartOf":{"@id":"https:\/\/invego.ee\/tiskreoja\/#website"},"primaryImageOfPage":{"@id":"https:\/\/invego.ee\/tiskreoja\/blogi\/tiskreoja-kaks-uut-maja-saavutasid-oma-lopliku-korguse\/#primaryimage"},"image":{"@id":"https:\/\/invego.ee\/tiskreoja\/blogi\/tiskreoja-kaks-uut-maja-saavutasid-oma-lopliku-korguse\/#primaryimage"},"thumbnailUrl":"https:\/\/invego.ee\/tiskreoja\/wp-content\/uploads\/2020\/11\/DSC09856.jpg","datePublished":"2020-11-27T08:30:30+00:00","dateModified":"2020-11-27T08:30:32+00:00","description":"Eelmisel n\u00e4dalal saime Tiskreoja elurajoonis pidada sarikapidu korraga kahes uues kortermajas, et t\u00e4nada NOBE ehitajaid senise tubli t\u00f6\u00f6 eest.","breadcrumb":{"@id":"https:\/\/invego.ee\/tiskreoja\/blogi\/tiskreoja-kaks-uut-maja-saavutasid-oma-lopliku-korguse\/#breadcrumb"},"inLanguage":"et","potentialAction":[{"@type":"ReadAction","target":["https:\/\/invego.ee\/tiskreoja\/blogi\/tiskreoja-kaks-uut-maja-saavutasid-oma-lopliku-korguse\/"]}]},{"@type":"ImageObject","inLanguage":"et","@id":"https:\/\/invego.ee\/tiskreoja\/blogi\/tiskreoja-kaks-uut-maja-saavutasid-oma-lopliku-korguse\/#primaryimage","url":"https:\/\/invego.ee\/tiskreoja\/wp-content\/uploads\/2020\/11\/DSC09856.jpg","contentUrl":"https:\/\/invego.ee\/tiskreoja\/wp-content\/uploads\/2020\/11\/DSC09856.jpg","width":1600,"height":1067},{"@type":"BreadcrumbList","@id":"https:\/\/invego.ee\/tiskreoja\/blogi\/tiskreoja-kaks-uut-maja-saavutasid-oma-lopliku-korguse\/#breadcrumb","itemListElement":[{"@type":"ListItem","position":1,"name":"Home","item":"https:\/\/invego.ee\/tiskreoja\/"},{"@type":"ListItem","position":2,"name":"Tiskreoja kaks uut maja saavutasid oma l\u00f5pliku k\u00f5rguse"}]},{"@type":"WebSite","@id":"https:\/\/invego.ee\/tiskreoja\/#website","url":"https:\/\/invego.ee\/tiskreoja\/","name":"Tiskreoja - loome tulevikustandardi","description":"Tiskreoja on terviklik tuleviku elukeskkond \u00fcmbritsetud roheluse ja rohkete vaba aja veetmise v\u00f5imalustega.","publisher":{"@id":"https:\/\/invego.ee\/tiskreoja\/#organization"},"potentialAction":[{"@type":"SearchAction","target":{"@type":"EntryPoint","urlTemplate":"https:\/\/invego.ee\/tiskreoja\/?s={search_term_string}"},"query-input":{"@type":"PropertyValueSpecification","valueRequired":true,"valueName":"search_term_string"}}],"inLanguage":"et"},{"@type":"Organization","@id":"https:\/\/invego.ee\/tiskreoja\/#organization","name":"Tiskreoja - loome tulevikustandardi","url":"https:\/\/invego.ee\/tiskreoja\/","logo":{"@type":"ImageObject","inLanguage":"et","@id":"https:\/\/invego.ee\/tiskreoja\/#\/schema\/logo\/image\/","url":"https:\/\/invego.ee\/tiskreoja\/wp-content\/uploads\/2025\/04\/tiskreoja_logo_oranz.svg","contentUrl":"https:\/\/invego.ee\/tiskreoja\/wp-content\/uploads\/2025\/04\/tiskreoja_logo_oranz.svg","width":157,"height":157,"caption":"Tiskreoja - loome tulevikustandardi"},"image":{"@id":"https:\/\/invego.ee\/tiskreoja\/#\/schema\/logo\/image\/"}},{"@type":"Person","@id":"https:\/\/invego.ee\/tiskreoja\/#\/schema\/person\/aca914387bb0fd8e6e188a9c2ae929d3","name":"Heiki","image":{"@type":"ImageObject","inLanguage":"et","@id":"https:\/\/invego.ee\/tiskreoja\/#\/schema\/person\/image\/","url":"https:\/\/secure.gravatar.com\/avatar\/990f9aa7368b73f6d16c412f6ee08af054eacc4697e3e1b28821ad1a5f6cb6c7?s=96&d=mm&r=g","contentUrl":"https:\/\/secure.gravatar.com\/avatar\/990f9aa7368b73f6d16c412f6ee08af054eacc4697e3e1b28821ad1a5f6cb6c7?s=96&d=mm&r=g","caption":"Heiki"}}]}},"author_meta":{"display_name":"Heiki","author_link":"https:\/\/invego.ee\/tiskreoja\/author\/heiki\/"},"featured_img":"https:\/\/invego.ee\/tiskreoja\/wp-content\/uploads\/2020\/11\/DSC09856-250x167.jpg","coauthors":[],"tax_additional":{"categories":{"linked":["<a href=\"https:\/\/invego.ee\/tiskreoja\/blogi\/\" class=\"advgb-post-tax-term\">Blogi<\/a>"],"unlinked":["<span class=\"advgb-post-tax-term\">Blogi<\/span>"]}},"comment_count":"0","relative_dates":{"created":"Posted 5 aastat ago","modified":"Updated 5 aastat ago"},"absolute_dates":{"created":"Posted on november 27, 2020","modified":"Updated on november 27, 2020"},"absolute_dates_time":{"created":"Posted on november 27, 2020 10:30 e.l.","modified":"Updated on november 27, 2020 10:30 e.l."},"featured_img_caption":"","series_order":"","_links":{"self":[{"href":"https:\/\/invego.ee\/tiskreoja\/wp-json\/wp\/v2\/posts\/6581","targetHints":{"allow":["GET"]}}],"collection":[{"href":"https:\/\/invego.ee\/tiskreoja\/wp-json\/wp\/v2\/posts"}],"about":[{"href":"https:\/\/invego.ee\/tiskreoja\/wp-json\/wp\/v2\/types\/post"}],"author":[{"embeddable":true,"href":"https:\/\/invego.ee\/tiskreoja\/wp-json\/wp\/v2\/users\/5"}],"replies":[{"embeddable":true,"href":"https:\/\/invego.ee\/tiskreoja\/wp-json\/wp\/v2\/comments?post=6581"}],"version-history":[{"count":1,"href":"https:\/\/invego.ee\/tiskreoja\/wp-json\/wp\/v2\/posts\/6581\/revisions"}],"predecessor-version":[{"id":6588,"href":"https:\/\/invego.ee\/tiskreoja\/wp-json\/wp\/v2\/posts\/6581\/revisions\/6588"}],"wp:featuredmedia":[{"embeddable":true,"href":"https:\/\/invego.ee\/tiskreoja\/wp-json\/wp\/v2\/media\/6585"}],"wp:attachment":[{"href":"https:\/\/invego.ee\/tiskreoja\/wp-json\/wp\/v2\/media?parent=6581"}],"wp:term":[{"taxonomy":"category","embeddable":true,"href":"https:\/\/invego.ee\/tiskreoja\/wp-json\/wp\/v2\/categories?post=6581"},{"taxonomy":"post_tag","embeddable":true,"href":"https:\/\/invego.ee\/tiskreoja\/wp-json\/wp\/v2\/tags?post=6581"}],"curies":[{"name":"wp","href":"https:\/\/api.w.org\/{rel}","templated":true}]}}