{"id":5597,"date":"2020-09-09T12:55:05","date_gmt":"2020-09-09T09:55:05","guid":{"rendered":"https:\/\/invego.ee\/tiskreoja\/?p=5597"},"modified":"2020-09-09T12:55:06","modified_gmt":"2020-09-09T09:55:06","slug":"tiskreoja-lahistele-tuleb-uus-kaubanduskeskus-koos-prismaga","status":"publish","type":"post","link":"https:\/\/invego.ee\/tiskreoja\/blogi\/tiskreoja-lahistele-tuleb-uus-kaubanduskeskus-koos-prismaga\/","title":{"rendered":"Tiskreoja l\u00e4histele tuleb uus kaubanduskeskus koos Prismaga"},"content":{"rendered":"\n<p>Septembris alustatakse uue kaubanduskeskuse rajamist Tiskresse. \u00dchekorruseline ja ligi 4800-ruutmeetrine kaubanduskeskus valmib 2021. aasta s\u00fcgisel. Keskuse ankurrentnikuna hakkab 3600-ruutmeetrisel pinnal opereerima Prisma Peremarket. <\/p>\n\n\n\n<p>Uus Prisma hakkab tegutsema Tiskres aadressil Liiva tee 61. Keskuse ette tuleb ringtee, mis ehitatakse v\u00e4lja koost\u00f6\u00f6s Harku valla ja Maanteeametiga.<\/p>\n\n\n\n<p>Loe uudise kohta l\u00e4hemalt <a href=\"https:\/\/www.prismamarket.ee\/news\/tiskresse-kerkiva-uue-kaubanduskeskuse-pohipoeks-saab-prisma\">SIIT<\/a>.<\/p>\n","protected":false},"excerpt":{"rendered":"","protected":false},"author":5,"featured_media":5598,"comment_status":"open","ping_status":"open","sticky":false,"template":"","format":"standard","meta":{"_acf_changed":false,"inline_featured_image":false,"advgb_blocks_editor_width":"","advgb_blocks_columns_visual_guide":"","_exactmetrics_skip_tracking":false,"_exactmetrics_sitenote_active":false,"_exactmetrics_sitenote_note":"","_exactmetrics_sitenote_category":0,"footnotes":""},"categories":[4],"tags":[],"class_list":["post-5597","post","type-post","status-publish","format-standard","has-post-thumbnail","hentry","category-blogi"],"acf":[],"yoast_head":"<!-- This site is optimized with the Yoast SEO plugin v24.9 - https:\/\/yoast.com\/wordpress\/plugins\/seo\/ -->\n<title>Tiskreoja l\u00e4histele tuleb uus kaubanduskeskus koos Prismaga<\/title>\n<meta name=\"description\" content=\"J\u00e4rgmise aasta s\u00fcgisel avatakse Tiskres uus kaubanduskeskus koos Prisma Peremarketiga.\" \/>\n<meta name=\"robots\" content=\"index, follow, max-snippet:-1, max-image-preview:large, max-video-preview:-1\" \/>\n<link rel=\"canonical\" href=\"https:\/\/invego.ee\/tiskreoja\/blogi\/tiskreoja-lahistele-tuleb-uus-kaubanduskeskus-koos-prismaga\/\" \/>\n<meta property=\"og:locale\" content=\"et_EE\" \/>\n<meta property=\"og:type\" content=\"article\" \/>\n<meta property=\"og:title\" content=\"Tiskreoja l\u00e4histele tuleb uus kaubanduskeskus koos Prismaga\" \/>\n<meta property=\"og:description\" content=\"J\u00e4rgmise aasta s\u00fcgisel avatakse Tiskres uus kaubanduskeskus koos Prisma Peremarketiga.\" \/>\n<meta property=\"og:url\" content=\"https:\/\/invego.ee\/tiskreoja\/blogi\/tiskreoja-lahistele-tuleb-uus-kaubanduskeskus-koos-prismaga\/\" \/>\n<meta property=\"og:site_name\" content=\"Tiskreoja - loome tulevikustandardi\" \/>\n<meta property=\"article:published_time\" content=\"2020-09-09T09:55:05+00:00\" \/>\n<meta property=\"article:modified_time\" content=\"2020-09-09T09:55:06+00:00\" \/>\n<meta property=\"og:image\" content=\"https:\/\/invego.ee\/tiskreoja\/wp-content\/uploads\/2020\/09\/pood.jpg\" \/>\n\t<meta property=\"og:image:width\" content=\"1800\" \/>\n\t<meta property=\"og:image:height\" content=\"1202\" \/>\n\t<meta property=\"og:image:type\" content=\"image\/jpeg\" \/>\n<meta name=\"author\" content=\"Heiki\" \/>\n<meta name=\"twitter:card\" content=\"summary_large_image\" \/>\n<script type=\"application\/ld+json\" class=\"yoast-schema-graph\">{\"@context\":\"https:\/\/schema.org\",\"@graph\":[{\"@type\":\"Article\",\"@id\":\"https:\/\/invego.ee\/tiskreoja\/blogi\/tiskreoja-lahistele-tuleb-uus-kaubanduskeskus-koos-prismaga\/#article\",\"isPartOf\":{\"@id\":\"https:\/\/invego.ee\/tiskreoja\/blogi\/tiskreoja-lahistele-tuleb-uus-kaubanduskeskus-koos-prismaga\/\"},\"author\":{\"name\":\"Heiki\",\"@id\":\"https:\/\/invego.ee\/tiskreoja\/#\/schema\/person\/aca914387bb0fd8e6e188a9c2ae929d3\"},\"headline\":\"Tiskreoja l\u00e4histele tuleb uus kaubanduskeskus koos Prismaga\",\"datePublished\":\"2020-09-09T09:55:05+00:00\",\"dateModified\":\"2020-09-09T09:55:06+00:00\",\"mainEntityOfPage\":{\"@id\":\"https:\/\/invego.ee\/tiskreoja\/blogi\/tiskreoja-lahistele-tuleb-uus-kaubanduskeskus-koos-prismaga\/\"},\"wordCount\":59,\"commentCount\":0,\"publisher\":{\"@id\":\"https:\/\/invego.ee\/tiskreoja\/#organization\"},\"image\":{\"@id\":\"https:\/\/invego.ee\/tiskreoja\/blogi\/tiskreoja-lahistele-tuleb-uus-kaubanduskeskus-koos-prismaga\/#primaryimage\"},\"thumbnailUrl\":\"https:\/\/invego.ee\/tiskreoja\/wp-content\/uploads\/2020\/09\/pood.jpg\",\"articleSection\":[\"Blogi\"],\"inLanguage\":\"et\",\"potentialAction\":[{\"@type\":\"CommentAction\",\"name\":\"Comment\",\"target\":[\"https:\/\/invego.ee\/tiskreoja\/blogi\/tiskreoja-lahistele-tuleb-uus-kaubanduskeskus-koos-prismaga\/#respond\"]}]},{\"@type\":\"WebPage\",\"@id\":\"https:\/\/invego.ee\/tiskreoja\/blogi\/tiskreoja-lahistele-tuleb-uus-kaubanduskeskus-koos-prismaga\/\",\"url\":\"https:\/\/invego.ee\/tiskreoja\/blogi\/tiskreoja-lahistele-tuleb-uus-kaubanduskeskus-koos-prismaga\/\",\"name\":\"Tiskreoja l\u00e4histele tuleb uus kaubanduskeskus koos Prismaga\",\"isPartOf\":{\"@id\":\"https:\/\/invego.ee\/tiskreoja\/#website\"},\"primaryImageOfPage\":{\"@id\":\"https:\/\/invego.ee\/tiskreoja\/blogi\/tiskreoja-lahistele-tuleb-uus-kaubanduskeskus-koos-prismaga\/#primaryimage\"},\"image\":{\"@id\":\"https:\/\/invego.ee\/tiskreoja\/blogi\/tiskreoja-lahistele-tuleb-uus-kaubanduskeskus-koos-prismaga\/#primaryimage\"},\"thumbnailUrl\":\"https:\/\/invego.ee\/tiskreoja\/wp-content\/uploads\/2020\/09\/pood.jpg\",\"datePublished\":\"2020-09-09T09:55:05+00:00\",\"dateModified\":\"2020-09-09T09:55:06+00:00\",\"description\":\"J\u00e4rgmise aasta s\u00fcgisel avatakse Tiskres uus kaubanduskeskus koos Prisma Peremarketiga.\",\"breadcrumb\":{\"@id\":\"https:\/\/invego.ee\/tiskreoja\/blogi\/tiskreoja-lahistele-tuleb-uus-kaubanduskeskus-koos-prismaga\/#breadcrumb\"},\"inLanguage\":\"et\",\"potentialAction\":[{\"@type\":\"ReadAction\",\"target\":[\"https:\/\/invego.ee\/tiskreoja\/blogi\/tiskreoja-lahistele-tuleb-uus-kaubanduskeskus-koos-prismaga\/\"]}]},{\"@type\":\"ImageObject\",\"inLanguage\":\"et\",\"@id\":\"https:\/\/invego.ee\/tiskreoja\/blogi\/tiskreoja-lahistele-tuleb-uus-kaubanduskeskus-koos-prismaga\/#primaryimage\",\"url\":\"https:\/\/invego.ee\/tiskreoja\/wp-content\/uploads\/2020\/09\/pood.jpg\",\"contentUrl\":\"https:\/\/invego.ee\/tiskreoja\/wp-content\/uploads\/2020\/09\/pood.jpg\",\"width\":1800,\"height\":1202},{\"@type\":\"BreadcrumbList\",\"@id\":\"https:\/\/invego.ee\/tiskreoja\/blogi\/tiskreoja-lahistele-tuleb-uus-kaubanduskeskus-koos-prismaga\/#breadcrumb\",\"itemListElement\":[{\"@type\":\"ListItem\",\"position\":1,\"name\":\"Home\",\"item\":\"https:\/\/invego.ee\/tiskreoja\/\"},{\"@type\":\"ListItem\",\"position\":2,\"name\":\"Tiskreoja l\u00e4histele tuleb uus kaubanduskeskus koos Prismaga\"}]},{\"@type\":\"WebSite\",\"@id\":\"https:\/\/invego.ee\/tiskreoja\/#website\",\"url\":\"https:\/\/invego.ee\/tiskreoja\/\",\"name\":\"Tiskreoja - loome tulevikustandardi\",\"description\":\"Tiskreoja on terviklik tuleviku elukeskkond \u00fcmbritsetud roheluse ja rohkete vaba aja veetmise v\u00f5imalustega.\",\"publisher\":{\"@id\":\"https:\/\/invego.ee\/tiskreoja\/#organization\"},\"potentialAction\":[{\"@type\":\"SearchAction\",\"target\":{\"@type\":\"EntryPoint\",\"urlTemplate\":\"https:\/\/invego.ee\/tiskreoja\/?s={search_term_string}\"},\"query-input\":{\"@type\":\"PropertyValueSpecification\",\"valueRequired\":true,\"valueName\":\"search_term_string\"}}],\"inLanguage\":\"et\"},{\"@type\":\"Organization\",\"@id\":\"https:\/\/invego.ee\/tiskreoja\/#organization\",\"name\":\"Tiskreoja - loome tulevikustandardi\",\"url\":\"https:\/\/invego.ee\/tiskreoja\/\",\"logo\":{\"@type\":\"ImageObject\",\"inLanguage\":\"et\",\"@id\":\"https:\/\/invego.ee\/tiskreoja\/#\/schema\/logo\/image\/\",\"url\":\"https:\/\/invego.ee\/tiskreoja\/wp-content\/uploads\/2025\/04\/tiskreoja_logo_oranz.svg\",\"contentUrl\":\"https:\/\/invego.ee\/tiskreoja\/wp-content\/uploads\/2025\/04\/tiskreoja_logo_oranz.svg\",\"width\":157,\"height\":157,\"caption\":\"Tiskreoja - loome tulevikustandardi\"},\"image\":{\"@id\":\"https:\/\/invego.ee\/tiskreoja\/#\/schema\/logo\/image\/\"}},{\"@type\":\"Person\",\"@id\":\"https:\/\/invego.ee\/tiskreoja\/#\/schema\/person\/aca914387bb0fd8e6e188a9c2ae929d3\",\"name\":\"Heiki\",\"image\":{\"@type\":\"ImageObject\",\"inLanguage\":\"et\",\"@id\":\"https:\/\/invego.ee\/tiskreoja\/#\/schema\/person\/image\/\",\"url\":\"https:\/\/secure.gravatar.com\/avatar\/990f9aa7368b73f6d16c412f6ee08af054eacc4697e3e1b28821ad1a5f6cb6c7?s=96&d=mm&r=g\",\"contentUrl\":\"https:\/\/secure.gravatar.com\/avatar\/990f9aa7368b73f6d16c412f6ee08af054eacc4697e3e1b28821ad1a5f6cb6c7?s=96&d=mm&r=g\",\"caption\":\"Heiki\"}}]}<\/script>\n<!-- \/ Yoast SEO plugin. -->","yoast_head_json":{"title":"Tiskreoja l\u00e4histele tuleb uus kaubanduskeskus koos Prismaga","description":"J\u00e4rgmise aasta s\u00fcgisel avatakse Tiskres uus kaubanduskeskus koos Prisma Peremarketiga.","robots":{"index":"index","follow":"follow","max-snippet":"max-snippet:-1","max-image-preview":"max-image-preview:large","max-video-preview":"max-video-preview:-1"},"canonical":"https:\/\/invego.ee\/tiskreoja\/blogi\/tiskreoja-lahistele-tuleb-uus-kaubanduskeskus-koos-prismaga\/","og_locale":"et_EE","og_type":"article","og_title":"Tiskreoja l\u00e4histele tuleb uus kaubanduskeskus koos Prismaga","og_description":"J\u00e4rgmise aasta s\u00fcgisel avatakse Tiskres uus kaubanduskeskus koos Prisma Peremarketiga.","og_url":"https:\/\/invego.ee\/tiskreoja\/blogi\/tiskreoja-lahistele-tuleb-uus-kaubanduskeskus-koos-prismaga\/","og_site_name":"Tiskreoja - loome tulevikustandardi","article_published_time":"2020-09-09T09:55:05+00:00","article_modified_time":"2020-09-09T09:55:06+00:00","og_image":[{"width":1800,"height":1202,"url":"https:\/\/invego.ee\/tiskreoja\/wp-content\/uploads\/2020\/09\/pood.jpg","type":"image\/jpeg"}],"author":"Heiki","twitter_card":"summary_large_image","schema":{"@context":"https:\/\/schema.org","@graph":[{"@type":"Article","@id":"https:\/\/invego.ee\/tiskreoja\/blogi\/tiskreoja-lahistele-tuleb-uus-kaubanduskeskus-koos-prismaga\/#article","isPartOf":{"@id":"https:\/\/invego.ee\/tiskreoja\/blogi\/tiskreoja-lahistele-tuleb-uus-kaubanduskeskus-koos-prismaga\/"},"author":{"name":"Heiki","@id":"https:\/\/invego.ee\/tiskreoja\/#\/schema\/person\/aca914387bb0fd8e6e188a9c2ae929d3"},"headline":"Tiskreoja l\u00e4histele tuleb uus kaubanduskeskus koos Prismaga","datePublished":"2020-09-09T09:55:05+00:00","dateModified":"2020-09-09T09:55:06+00:00","mainEntityOfPage":{"@id":"https:\/\/invego.ee\/tiskreoja\/blogi\/tiskreoja-lahistele-tuleb-uus-kaubanduskeskus-koos-prismaga\/"},"wordCount":59,"commentCount":0,"publisher":{"@id":"https:\/\/invego.ee\/tiskreoja\/#organization"},"image":{"@id":"https:\/\/invego.ee\/tiskreoja\/blogi\/tiskreoja-lahistele-tuleb-uus-kaubanduskeskus-koos-prismaga\/#primaryimage"},"thumbnailUrl":"https:\/\/invego.ee\/tiskreoja\/wp-content\/uploads\/2020\/09\/pood.jpg","articleSection":["Blogi"],"inLanguage":"et","potentialAction":[{"@type":"CommentAction","name":"Comment","target":["https:\/\/invego.ee\/tiskreoja\/blogi\/tiskreoja-lahistele-tuleb-uus-kaubanduskeskus-koos-prismaga\/#respond"]}]},{"@type":"WebPage","@id":"https:\/\/invego.ee\/tiskreoja\/blogi\/tiskreoja-lahistele-tuleb-uus-kaubanduskeskus-koos-prismaga\/","url":"https:\/\/invego.ee\/tiskreoja\/blogi\/tiskreoja-lahistele-tuleb-uus-kaubanduskeskus-koos-prismaga\/","name":"Tiskreoja l\u00e4histele tuleb uus kaubanduskeskus koos Prismaga","isPartOf":{"@id":"https:\/\/invego.ee\/tiskreoja\/#website"},"primaryImageOfPage":{"@id":"https:\/\/invego.ee\/tiskreoja\/blogi\/tiskreoja-lahistele-tuleb-uus-kaubanduskeskus-koos-prismaga\/#primaryimage"},"image":{"@id":"https:\/\/invego.ee\/tiskreoja\/blogi\/tiskreoja-lahistele-tuleb-uus-kaubanduskeskus-koos-prismaga\/#primaryimage"},"thumbnailUrl":"https:\/\/invego.ee\/tiskreoja\/wp-content\/uploads\/2020\/09\/pood.jpg","datePublished":"2020-09-09T09:55:05+00:00","dateModified":"2020-09-09T09:55:06+00:00","description":"J\u00e4rgmise aasta s\u00fcgisel avatakse Tiskres uus kaubanduskeskus koos Prisma Peremarketiga.","breadcrumb":{"@id":"https:\/\/invego.ee\/tiskreoja\/blogi\/tiskreoja-lahistele-tuleb-uus-kaubanduskeskus-koos-prismaga\/#breadcrumb"},"inLanguage":"et","potentialAction":[{"@type":"ReadAction","target":["https:\/\/invego.ee\/tiskreoja\/blogi\/tiskreoja-lahistele-tuleb-uus-kaubanduskeskus-koos-prismaga\/"]}]},{"@type":"ImageObject","inLanguage":"et","@id":"https:\/\/invego.ee\/tiskreoja\/blogi\/tiskreoja-lahistele-tuleb-uus-kaubanduskeskus-koos-prismaga\/#primaryimage","url":"https:\/\/invego.ee\/tiskreoja\/wp-content\/uploads\/2020\/09\/pood.jpg","contentUrl":"https:\/\/invego.ee\/tiskreoja\/wp-content\/uploads\/2020\/09\/pood.jpg","width":1800,"height":1202},{"@type":"BreadcrumbList","@id":"https:\/\/invego.ee\/tiskreoja\/blogi\/tiskreoja-lahistele-tuleb-uus-kaubanduskeskus-koos-prismaga\/#breadcrumb","itemListElement":[{"@type":"ListItem","position":1,"name":"Home","item":"https:\/\/invego.ee\/tiskreoja\/"},{"@type":"ListItem","position":2,"name":"Tiskreoja l\u00e4histele tuleb uus kaubanduskeskus koos Prismaga"}]},{"@type":"WebSite","@id":"https:\/\/invego.ee\/tiskreoja\/#website","url":"https:\/\/invego.ee\/tiskreoja\/","name":"Tiskreoja - loome tulevikustandardi","description":"Tiskreoja on terviklik tuleviku elukeskkond \u00fcmbritsetud roheluse ja rohkete vaba aja veetmise v\u00f5imalustega.","publisher":{"@id":"https:\/\/invego.ee\/tiskreoja\/#organization"},"potentialAction":[{"@type":"SearchAction","target":{"@type":"EntryPoint","urlTemplate":"https:\/\/invego.ee\/tiskreoja\/?s={search_term_string}"},"query-input":{"@type":"PropertyValueSpecification","valueRequired":true,"valueName":"search_term_string"}}],"inLanguage":"et"},{"@type":"Organization","@id":"https:\/\/invego.ee\/tiskreoja\/#organization","name":"Tiskreoja - loome tulevikustandardi","url":"https:\/\/invego.ee\/tiskreoja\/","logo":{"@type":"ImageObject","inLanguage":"et","@id":"https:\/\/invego.ee\/tiskreoja\/#\/schema\/logo\/image\/","url":"https:\/\/invego.ee\/tiskreoja\/wp-content\/uploads\/2025\/04\/tiskreoja_logo_oranz.svg","contentUrl":"https:\/\/invego.ee\/tiskreoja\/wp-content\/uploads\/2025\/04\/tiskreoja_logo_oranz.svg","width":157,"height":157,"caption":"Tiskreoja - loome tulevikustandardi"},"image":{"@id":"https:\/\/invego.ee\/tiskreoja\/#\/schema\/logo\/image\/"}},{"@type":"Person","@id":"https:\/\/invego.ee\/tiskreoja\/#\/schema\/person\/aca914387bb0fd8e6e188a9c2ae929d3","name":"Heiki","image":{"@type":"ImageObject","inLanguage":"et","@id":"https:\/\/invego.ee\/tiskreoja\/#\/schema\/person\/image\/","url":"https:\/\/secure.gravatar.com\/avatar\/990f9aa7368b73f6d16c412f6ee08af054eacc4697e3e1b28821ad1a5f6cb6c7?s=96&d=mm&r=g","contentUrl":"https:\/\/secure.gravatar.com\/avatar\/990f9aa7368b73f6d16c412f6ee08af054eacc4697e3e1b28821ad1a5f6cb6c7?s=96&d=mm&r=g","caption":"Heiki"}}]}},"author_meta":{"display_name":"Heiki","author_link":"https:\/\/invego.ee\/tiskreoja\/author\/heiki\/"},"featured_img":"https:\/\/invego.ee\/tiskreoja\/wp-content\/uploads\/2020\/09\/pood-250x167.jpg","coauthors":[],"tax_additional":{"categories":{"linked":["<a href=\"https:\/\/invego.ee\/tiskreoja\/blogi\/\" class=\"advgb-post-tax-term\">Blogi<\/a>"],"unlinked":["<span class=\"advgb-post-tax-term\">Blogi<\/span>"]}},"comment_count":"0","relative_dates":{"created":"Posted 6 aastat ago","modified":"Updated 6 aastat ago"},"absolute_dates":{"created":"Posted on september 9, 2020","modified":"Updated on september 9, 2020"},"absolute_dates_time":{"created":"Posted on september 9, 2020 12:55 p.l.","modified":"Updated on september 9, 2020 12:55 p.l."},"featured_img_caption":"","series_order":"","_links":{"self":[{"href":"https:\/\/invego.ee\/tiskreoja\/wp-json\/wp\/v2\/posts\/5597","targetHints":{"allow":["GET"]}}],"collection":[{"href":"https:\/\/invego.ee\/tiskreoja\/wp-json\/wp\/v2\/posts"}],"about":[{"href":"https:\/\/invego.ee\/tiskreoja\/wp-json\/wp\/v2\/types\/post"}],"author":[{"embeddable":true,"href":"https:\/\/invego.ee\/tiskreoja\/wp-json\/wp\/v2\/users\/5"}],"replies":[{"embeddable":true,"href":"https:\/\/invego.ee\/tiskreoja\/wp-json\/wp\/v2\/comments?post=5597"}],"version-history":[{"count":1,"href":"https:\/\/invego.ee\/tiskreoja\/wp-json\/wp\/v2\/posts\/5597\/revisions"}],"predecessor-version":[{"id":5601,"href":"https:\/\/invego.ee\/tiskreoja\/wp-json\/wp\/v2\/posts\/5597\/revisions\/5601"}],"wp:featuredmedia":[{"embeddable":true,"href":"https:\/\/invego.ee\/tiskreoja\/wp-json\/wp\/v2\/media\/5598"}],"wp:attachment":[{"href":"https:\/\/invego.ee\/tiskreoja\/wp-json\/wp\/v2\/media?parent=5597"}],"wp:term":[{"taxonomy":"category","embeddable":true,"href":"https:\/\/invego.ee\/tiskreoja\/wp-json\/wp\/v2\/categories?post=5597"},{"taxonomy":"post_tag","embeddable":true,"href":"https:\/\/invego.ee\/tiskreoja\/wp-json\/wp\/v2\/tags?post=5597"}],"curies":[{"name":"wp","href":"https:\/\/api.w.org\/{rel}","templated":true}]}}