{"id":5280,"date":"2020-08-21T13:34:00","date_gmt":"2020-08-21T10:34:00","guid":{"rendered":"https:\/\/invego.ee\/tiskreoja\/?p=5280"},"modified":"2020-08-25T13:36:16","modified_gmt":"2020-08-25T10:36:16","slug":"tiskreoja-elurajoon-sai-esimesed-elanikud","status":"publish","type":"post","link":"https:\/\/invego.ee\/tiskreoja\/blogi\/tiskreoja-elurajoon-sai-esimesed-elanikud\/","title":{"rendered":"Tiskreoja elurajoon sai esimesed elanikud"},"content":{"rendered":"\n<p><strong>Kokku \u00fcle 400 koduga Tiskreoja elurajoonis l\u00f5ppesid kolme esimese hoone ehitust\u00f6\u00f6d ning arendaja andis valminud kodud uutele elanikele \u00fcle.<\/strong><\/p>\n\n\n\n<p>Tiskreoja elurajooni arendava Invego juhi Kristjan-Thor V\u00e4hi s\u00f5nul said esimesena valmis kolm stiilset ridaelamut, kus on kokku 15 boksi. \u201cSamal ajal on esimese etapiga rajatavas kolmes korterelamus l\u00e4hiajal valmimas veel pea 100 kodu, esinduslik m\u00e4nguv\u00e4ljak ja elanike \u00fchine \u00f5unaaed,\u201d s\u00f5nas V\u00e4hi.<\/p>\n\n\n\n<p>V\u00e4hi kinnitusel on aga paralleelselt alanud juba ka uute majade ehitus ning j\u00e4rgmiseks suveks on pooled k\u00f5ikidest elurajooni kodudest valmis. \u201cK\u00f5igist seni m\u00fc\u00fcgile pandud kodudest on ligi 70% ka juba m\u00fc\u00fcdud,\u201d kirjeldas V\u00e4hi, kuidas inimeste huvi hea hinna ja kvaliteedi suhtega l\u00e4bim\u00f5eldud tervikliku elurajooni j\u00e4rele on p\u00fcsivalt v\u00e4ga k\u00f5rge.<\/p>\n\n\n\n<p>Tallinna piiril asuva Tiskreoja elurajooni 12 hektarile kerkib terviklik tuleviku elurajoon, kus valmib kokku \u00fcle 400 kodu. Elamute juurde on planeeritud majadevaheline park, kilomeetri jagu terviseradasid, rulapark, pallim\u00e4nguv\u00e4ljakud, suur laste m\u00e4nguala ning avar \u00f5unaaed. K\u00f5ik moodsad kortermajad on kolmekorruselised ja igas majas on lift. Korterite vahel on t\u00e4iendav heliisolatsioon ning enamik kodusid on avara r\u00f5du v\u00f5i terrassiga.<\/p>\n","protected":false},"excerpt":{"rendered":"","protected":false},"author":5,"featured_media":5281,"comment_status":"open","ping_status":"open","sticky":false,"template":"","format":"standard","meta":{"_acf_changed":false,"inline_featured_image":false,"advgb_blocks_editor_width":"","advgb_blocks_columns_visual_guide":"","_exactmetrics_skip_tracking":false,"_exactmetrics_sitenote_active":false,"_exactmetrics_sitenote_note":"","_exactmetrics_sitenote_category":0,"footnotes":""},"categories":[4],"tags":[],"class_list":["post-5280","post","type-post","status-publish","format-standard","has-post-thumbnail","hentry","category-blogi"],"acf":[],"yoast_head":"<!-- This site is optimized with the Yoast SEO plugin v24.9 - https:\/\/yoast.com\/wordpress\/plugins\/seo\/ -->\n<title>Tiskreoja elurajoon sai esimesed elanikud<\/title>\n<meta name=\"description\" content=\"Kokku \u00fcle 400 koduga Tiskreoja elurajoonis l\u00f5ppesid kolme esimese hoone ehitust\u00f6\u00f6d ning arendaja andis valminud kodud uutele elanikele \u00fcle.\" \/>\n<meta name=\"robots\" content=\"index, follow, max-snippet:-1, max-image-preview:large, max-video-preview:-1\" \/>\n<link rel=\"canonical\" href=\"https:\/\/invego.ee\/tiskreoja\/blogi\/tiskreoja-elurajoon-sai-esimesed-elanikud\/\" \/>\n<meta property=\"og:locale\" content=\"et_EE\" \/>\n<meta property=\"og:type\" content=\"article\" \/>\n<meta property=\"og:title\" content=\"Tiskreoja elurajoon sai esimesed elanikud\" \/>\n<meta property=\"og:description\" content=\"Kokku \u00fcle 400 koduga Tiskreoja elurajoonis l\u00f5ppesid kolme esimese hoone ehitust\u00f6\u00f6d ning arendaja andis valminud kodud uutele elanikele \u00fcle.\" \/>\n<meta property=\"og:url\" content=\"https:\/\/invego.ee\/tiskreoja\/blogi\/tiskreoja-elurajoon-sai-esimesed-elanikud\/\" \/>\n<meta property=\"og:site_name\" content=\"Tiskreoja - loome tulevikustandardi\" \/>\n<meta property=\"article:published_time\" content=\"2020-08-21T10:34:00+00:00\" \/>\n<meta property=\"article:modified_time\" content=\"2020-08-25T10:36:16+00:00\" \/>\n<meta property=\"og:image\" content=\"https:\/\/invego.ee\/tiskreoja\/wp-content\/uploads\/2020\/08\/tiskreoja_ridaelamud-foto-autor-Ardo-Kaljuvee.jpg\" \/>\n\t<meta property=\"og:image:width\" content=\"1920\" \/>\n\t<meta property=\"og:image:height\" content=\"1280\" \/>\n\t<meta property=\"og:image:type\" content=\"image\/jpeg\" \/>\n<meta name=\"author\" content=\"Heiki\" \/>\n<meta name=\"twitter:card\" content=\"summary_large_image\" \/>\n<script type=\"application\/ld+json\" class=\"yoast-schema-graph\">{\"@context\":\"https:\/\/schema.org\",\"@graph\":[{\"@type\":\"Article\",\"@id\":\"https:\/\/invego.ee\/tiskreoja\/blogi\/tiskreoja-elurajoon-sai-esimesed-elanikud\/#article\",\"isPartOf\":{\"@id\":\"https:\/\/invego.ee\/tiskreoja\/blogi\/tiskreoja-elurajoon-sai-esimesed-elanikud\/\"},\"author\":{\"name\":\"Heiki\",\"@id\":\"https:\/\/invego.ee\/tiskreoja\/#\/schema\/person\/aca914387bb0fd8e6e188a9c2ae929d3\"},\"headline\":\"Tiskreoja elurajoon sai esimesed elanikud\",\"datePublished\":\"2020-08-21T10:34:00+00:00\",\"dateModified\":\"2020-08-25T10:36:16+00:00\",\"mainEntityOfPage\":{\"@id\":\"https:\/\/invego.ee\/tiskreoja\/blogi\/tiskreoja-elurajoon-sai-esimesed-elanikud\/\"},\"wordCount\":194,\"commentCount\":0,\"publisher\":{\"@id\":\"https:\/\/invego.ee\/tiskreoja\/#organization\"},\"image\":{\"@id\":\"https:\/\/invego.ee\/tiskreoja\/blogi\/tiskreoja-elurajoon-sai-esimesed-elanikud\/#primaryimage\"},\"thumbnailUrl\":\"https:\/\/invego.ee\/tiskreoja\/wp-content\/uploads\/2020\/08\/tiskreoja_ridaelamud-foto-autor-Ardo-Kaljuvee.jpg\",\"articleSection\":[\"Blogi\"],\"inLanguage\":\"et\",\"potentialAction\":[{\"@type\":\"CommentAction\",\"name\":\"Comment\",\"target\":[\"https:\/\/invego.ee\/tiskreoja\/blogi\/tiskreoja-elurajoon-sai-esimesed-elanikud\/#respond\"]}]},{\"@type\":\"WebPage\",\"@id\":\"https:\/\/invego.ee\/tiskreoja\/blogi\/tiskreoja-elurajoon-sai-esimesed-elanikud\/\",\"url\":\"https:\/\/invego.ee\/tiskreoja\/blogi\/tiskreoja-elurajoon-sai-esimesed-elanikud\/\",\"name\":\"Tiskreoja elurajoon sai esimesed elanikud\",\"isPartOf\":{\"@id\":\"https:\/\/invego.ee\/tiskreoja\/#website\"},\"primaryImageOfPage\":{\"@id\":\"https:\/\/invego.ee\/tiskreoja\/blogi\/tiskreoja-elurajoon-sai-esimesed-elanikud\/#primaryimage\"},\"image\":{\"@id\":\"https:\/\/invego.ee\/tiskreoja\/blogi\/tiskreoja-elurajoon-sai-esimesed-elanikud\/#primaryimage\"},\"thumbnailUrl\":\"https:\/\/invego.ee\/tiskreoja\/wp-content\/uploads\/2020\/08\/tiskreoja_ridaelamud-foto-autor-Ardo-Kaljuvee.jpg\",\"datePublished\":\"2020-08-21T10:34:00+00:00\",\"dateModified\":\"2020-08-25T10:36:16+00:00\",\"description\":\"Kokku \u00fcle 400 koduga Tiskreoja elurajoonis l\u00f5ppesid kolme esimese hoone ehitust\u00f6\u00f6d ning arendaja andis valminud kodud uutele elanikele \u00fcle.\",\"breadcrumb\":{\"@id\":\"https:\/\/invego.ee\/tiskreoja\/blogi\/tiskreoja-elurajoon-sai-esimesed-elanikud\/#breadcrumb\"},\"inLanguage\":\"et\",\"potentialAction\":[{\"@type\":\"ReadAction\",\"target\":[\"https:\/\/invego.ee\/tiskreoja\/blogi\/tiskreoja-elurajoon-sai-esimesed-elanikud\/\"]}]},{\"@type\":\"ImageObject\",\"inLanguage\":\"et\",\"@id\":\"https:\/\/invego.ee\/tiskreoja\/blogi\/tiskreoja-elurajoon-sai-esimesed-elanikud\/#primaryimage\",\"url\":\"https:\/\/invego.ee\/tiskreoja\/wp-content\/uploads\/2020\/08\/tiskreoja_ridaelamud-foto-autor-Ardo-Kaljuvee.jpg\",\"contentUrl\":\"https:\/\/invego.ee\/tiskreoja\/wp-content\/uploads\/2020\/08\/tiskreoja_ridaelamud-foto-autor-Ardo-Kaljuvee.jpg\",\"width\":1920,\"height\":1280},{\"@type\":\"BreadcrumbList\",\"@id\":\"https:\/\/invego.ee\/tiskreoja\/blogi\/tiskreoja-elurajoon-sai-esimesed-elanikud\/#breadcrumb\",\"itemListElement\":[{\"@type\":\"ListItem\",\"position\":1,\"name\":\"Home\",\"item\":\"https:\/\/invego.ee\/tiskreoja\/\"},{\"@type\":\"ListItem\",\"position\":2,\"name\":\"Tiskreoja elurajoon sai esimesed elanikud\"}]},{\"@type\":\"WebSite\",\"@id\":\"https:\/\/invego.ee\/tiskreoja\/#website\",\"url\":\"https:\/\/invego.ee\/tiskreoja\/\",\"name\":\"Tiskreoja - loome tulevikustandardi\",\"description\":\"Tiskreoja on terviklik tuleviku elukeskkond \u00fcmbritsetud roheluse ja rohkete vaba aja veetmise v\u00f5imalustega.\",\"publisher\":{\"@id\":\"https:\/\/invego.ee\/tiskreoja\/#organization\"},\"potentialAction\":[{\"@type\":\"SearchAction\",\"target\":{\"@type\":\"EntryPoint\",\"urlTemplate\":\"https:\/\/invego.ee\/tiskreoja\/?s={search_term_string}\"},\"query-input\":{\"@type\":\"PropertyValueSpecification\",\"valueRequired\":true,\"valueName\":\"search_term_string\"}}],\"inLanguage\":\"et\"},{\"@type\":\"Organization\",\"@id\":\"https:\/\/invego.ee\/tiskreoja\/#organization\",\"name\":\"Tiskreoja - loome tulevikustandardi\",\"url\":\"https:\/\/invego.ee\/tiskreoja\/\",\"logo\":{\"@type\":\"ImageObject\",\"inLanguage\":\"et\",\"@id\":\"https:\/\/invego.ee\/tiskreoja\/#\/schema\/logo\/image\/\",\"url\":\"https:\/\/invego.ee\/tiskreoja\/wp-content\/uploads\/2025\/04\/tiskreoja_logo_oranz.svg\",\"contentUrl\":\"https:\/\/invego.ee\/tiskreoja\/wp-content\/uploads\/2025\/04\/tiskreoja_logo_oranz.svg\",\"width\":157,\"height\":157,\"caption\":\"Tiskreoja - loome tulevikustandardi\"},\"image\":{\"@id\":\"https:\/\/invego.ee\/tiskreoja\/#\/schema\/logo\/image\/\"}},{\"@type\":\"Person\",\"@id\":\"https:\/\/invego.ee\/tiskreoja\/#\/schema\/person\/aca914387bb0fd8e6e188a9c2ae929d3\",\"name\":\"Heiki\",\"image\":{\"@type\":\"ImageObject\",\"inLanguage\":\"et\",\"@id\":\"https:\/\/invego.ee\/tiskreoja\/#\/schema\/person\/image\/\",\"url\":\"https:\/\/secure.gravatar.com\/avatar\/990f9aa7368b73f6d16c412f6ee08af054eacc4697e3e1b28821ad1a5f6cb6c7?s=96&d=mm&r=g\",\"contentUrl\":\"https:\/\/secure.gravatar.com\/avatar\/990f9aa7368b73f6d16c412f6ee08af054eacc4697e3e1b28821ad1a5f6cb6c7?s=96&d=mm&r=g\",\"caption\":\"Heiki\"}}]}<\/script>\n<!-- \/ Yoast SEO plugin. -->","yoast_head_json":{"title":"Tiskreoja elurajoon sai esimesed elanikud","description":"Kokku \u00fcle 400 koduga Tiskreoja elurajoonis l\u00f5ppesid kolme esimese hoone ehitust\u00f6\u00f6d ning arendaja andis valminud kodud uutele elanikele \u00fcle.","robots":{"index":"index","follow":"follow","max-snippet":"max-snippet:-1","max-image-preview":"max-image-preview:large","max-video-preview":"max-video-preview:-1"},"canonical":"https:\/\/invego.ee\/tiskreoja\/blogi\/tiskreoja-elurajoon-sai-esimesed-elanikud\/","og_locale":"et_EE","og_type":"article","og_title":"Tiskreoja elurajoon sai esimesed elanikud","og_description":"Kokku \u00fcle 400 koduga Tiskreoja elurajoonis l\u00f5ppesid kolme esimese hoone ehitust\u00f6\u00f6d ning arendaja andis valminud kodud uutele elanikele \u00fcle.","og_url":"https:\/\/invego.ee\/tiskreoja\/blogi\/tiskreoja-elurajoon-sai-esimesed-elanikud\/","og_site_name":"Tiskreoja - loome tulevikustandardi","article_published_time":"2020-08-21T10:34:00+00:00","article_modified_time":"2020-08-25T10:36:16+00:00","og_image":[{"width":1920,"height":1280,"url":"https:\/\/invego.ee\/tiskreoja\/wp-content\/uploads\/2020\/08\/tiskreoja_ridaelamud-foto-autor-Ardo-Kaljuvee.jpg","type":"image\/jpeg"}],"author":"Heiki","twitter_card":"summary_large_image","schema":{"@context":"https:\/\/schema.org","@graph":[{"@type":"Article","@id":"https:\/\/invego.ee\/tiskreoja\/blogi\/tiskreoja-elurajoon-sai-esimesed-elanikud\/#article","isPartOf":{"@id":"https:\/\/invego.ee\/tiskreoja\/blogi\/tiskreoja-elurajoon-sai-esimesed-elanikud\/"},"author":{"name":"Heiki","@id":"https:\/\/invego.ee\/tiskreoja\/#\/schema\/person\/aca914387bb0fd8e6e188a9c2ae929d3"},"headline":"Tiskreoja elurajoon sai esimesed elanikud","datePublished":"2020-08-21T10:34:00+00:00","dateModified":"2020-08-25T10:36:16+00:00","mainEntityOfPage":{"@id":"https:\/\/invego.ee\/tiskreoja\/blogi\/tiskreoja-elurajoon-sai-esimesed-elanikud\/"},"wordCount":194,"commentCount":0,"publisher":{"@id":"https:\/\/invego.ee\/tiskreoja\/#organization"},"image":{"@id":"https:\/\/invego.ee\/tiskreoja\/blogi\/tiskreoja-elurajoon-sai-esimesed-elanikud\/#primaryimage"},"thumbnailUrl":"https:\/\/invego.ee\/tiskreoja\/wp-content\/uploads\/2020\/08\/tiskreoja_ridaelamud-foto-autor-Ardo-Kaljuvee.jpg","articleSection":["Blogi"],"inLanguage":"et","potentialAction":[{"@type":"CommentAction","name":"Comment","target":["https:\/\/invego.ee\/tiskreoja\/blogi\/tiskreoja-elurajoon-sai-esimesed-elanikud\/#respond"]}]},{"@type":"WebPage","@id":"https:\/\/invego.ee\/tiskreoja\/blogi\/tiskreoja-elurajoon-sai-esimesed-elanikud\/","url":"https:\/\/invego.ee\/tiskreoja\/blogi\/tiskreoja-elurajoon-sai-esimesed-elanikud\/","name":"Tiskreoja elurajoon sai esimesed elanikud","isPartOf":{"@id":"https:\/\/invego.ee\/tiskreoja\/#website"},"primaryImageOfPage":{"@id":"https:\/\/invego.ee\/tiskreoja\/blogi\/tiskreoja-elurajoon-sai-esimesed-elanikud\/#primaryimage"},"image":{"@id":"https:\/\/invego.ee\/tiskreoja\/blogi\/tiskreoja-elurajoon-sai-esimesed-elanikud\/#primaryimage"},"thumbnailUrl":"https:\/\/invego.ee\/tiskreoja\/wp-content\/uploads\/2020\/08\/tiskreoja_ridaelamud-foto-autor-Ardo-Kaljuvee.jpg","datePublished":"2020-08-21T10:34:00+00:00","dateModified":"2020-08-25T10:36:16+00:00","description":"Kokku \u00fcle 400 koduga Tiskreoja elurajoonis l\u00f5ppesid kolme esimese hoone ehitust\u00f6\u00f6d ning arendaja andis valminud kodud uutele elanikele \u00fcle.","breadcrumb":{"@id":"https:\/\/invego.ee\/tiskreoja\/blogi\/tiskreoja-elurajoon-sai-esimesed-elanikud\/#breadcrumb"},"inLanguage":"et","potentialAction":[{"@type":"ReadAction","target":["https:\/\/invego.ee\/tiskreoja\/blogi\/tiskreoja-elurajoon-sai-esimesed-elanikud\/"]}]},{"@type":"ImageObject","inLanguage":"et","@id":"https:\/\/invego.ee\/tiskreoja\/blogi\/tiskreoja-elurajoon-sai-esimesed-elanikud\/#primaryimage","url":"https:\/\/invego.ee\/tiskreoja\/wp-content\/uploads\/2020\/08\/tiskreoja_ridaelamud-foto-autor-Ardo-Kaljuvee.jpg","contentUrl":"https:\/\/invego.ee\/tiskreoja\/wp-content\/uploads\/2020\/08\/tiskreoja_ridaelamud-foto-autor-Ardo-Kaljuvee.jpg","width":1920,"height":1280},{"@type":"BreadcrumbList","@id":"https:\/\/invego.ee\/tiskreoja\/blogi\/tiskreoja-elurajoon-sai-esimesed-elanikud\/#breadcrumb","itemListElement":[{"@type":"ListItem","position":1,"name":"Home","item":"https:\/\/invego.ee\/tiskreoja\/"},{"@type":"ListItem","position":2,"name":"Tiskreoja elurajoon sai esimesed elanikud"}]},{"@type":"WebSite","@id":"https:\/\/invego.ee\/tiskreoja\/#website","url":"https:\/\/invego.ee\/tiskreoja\/","name":"Tiskreoja - loome tulevikustandardi","description":"Tiskreoja on terviklik tuleviku elukeskkond \u00fcmbritsetud roheluse ja rohkete vaba aja veetmise v\u00f5imalustega.","publisher":{"@id":"https:\/\/invego.ee\/tiskreoja\/#organization"},"potentialAction":[{"@type":"SearchAction","target":{"@type":"EntryPoint","urlTemplate":"https:\/\/invego.ee\/tiskreoja\/?s={search_term_string}"},"query-input":{"@type":"PropertyValueSpecification","valueRequired":true,"valueName":"search_term_string"}}],"inLanguage":"et"},{"@type":"Organization","@id":"https:\/\/invego.ee\/tiskreoja\/#organization","name":"Tiskreoja - loome tulevikustandardi","url":"https:\/\/invego.ee\/tiskreoja\/","logo":{"@type":"ImageObject","inLanguage":"et","@id":"https:\/\/invego.ee\/tiskreoja\/#\/schema\/logo\/image\/","url":"https:\/\/invego.ee\/tiskreoja\/wp-content\/uploads\/2025\/04\/tiskreoja_logo_oranz.svg","contentUrl":"https:\/\/invego.ee\/tiskreoja\/wp-content\/uploads\/2025\/04\/tiskreoja_logo_oranz.svg","width":157,"height":157,"caption":"Tiskreoja - loome tulevikustandardi"},"image":{"@id":"https:\/\/invego.ee\/tiskreoja\/#\/schema\/logo\/image\/"}},{"@type":"Person","@id":"https:\/\/invego.ee\/tiskreoja\/#\/schema\/person\/aca914387bb0fd8e6e188a9c2ae929d3","name":"Heiki","image":{"@type":"ImageObject","inLanguage":"et","@id":"https:\/\/invego.ee\/tiskreoja\/#\/schema\/person\/image\/","url":"https:\/\/secure.gravatar.com\/avatar\/990f9aa7368b73f6d16c412f6ee08af054eacc4697e3e1b28821ad1a5f6cb6c7?s=96&d=mm&r=g","contentUrl":"https:\/\/secure.gravatar.com\/avatar\/990f9aa7368b73f6d16c412f6ee08af054eacc4697e3e1b28821ad1a5f6cb6c7?s=96&d=mm&r=g","caption":"Heiki"}}]}},"author_meta":{"display_name":"Heiki","author_link":"https:\/\/invego.ee\/tiskreoja\/author\/heiki\/"},"featured_img":"https:\/\/invego.ee\/tiskreoja\/wp-content\/uploads\/2020\/08\/tiskreoja_ridaelamud-foto-autor-Ardo-Kaljuvee-250x167.jpg","coauthors":[],"tax_additional":{"categories":{"linked":["<a href=\"https:\/\/invego.ee\/tiskreoja\/blogi\/\" class=\"advgb-post-tax-term\">Blogi<\/a>"],"unlinked":["<span class=\"advgb-post-tax-term\">Blogi<\/span>"]}},"comment_count":"0","relative_dates":{"created":"Posted 6 aastat ago","modified":"Updated 6 aastat ago"},"absolute_dates":{"created":"Posted on august 21, 2020","modified":"Updated on august 25, 2020"},"absolute_dates_time":{"created":"Posted on august 21, 2020 1:34 p.l.","modified":"Updated on august 25, 2020 1:36 p.l."},"featured_img_caption":"","series_order":"","_links":{"self":[{"href":"https:\/\/invego.ee\/tiskreoja\/wp-json\/wp\/v2\/posts\/5280","targetHints":{"allow":["GET"]}}],"collection":[{"href":"https:\/\/invego.ee\/tiskreoja\/wp-json\/wp\/v2\/posts"}],"about":[{"href":"https:\/\/invego.ee\/tiskreoja\/wp-json\/wp\/v2\/types\/post"}],"author":[{"embeddable":true,"href":"https:\/\/invego.ee\/tiskreoja\/wp-json\/wp\/v2\/users\/5"}],"replies":[{"embeddable":true,"href":"https:\/\/invego.ee\/tiskreoja\/wp-json\/wp\/v2\/comments?post=5280"}],"version-history":[{"count":1,"href":"https:\/\/invego.ee\/tiskreoja\/wp-json\/wp\/v2\/posts\/5280\/revisions"}],"predecessor-version":[{"id":5284,"href":"https:\/\/invego.ee\/tiskreoja\/wp-json\/wp\/v2\/posts\/5280\/revisions\/5284"}],"wp:featuredmedia":[{"embeddable":true,"href":"https:\/\/invego.ee\/tiskreoja\/wp-json\/wp\/v2\/media\/5281"}],"wp:attachment":[{"href":"https:\/\/invego.ee\/tiskreoja\/wp-json\/wp\/v2\/media?parent=5280"}],"wp:term":[{"taxonomy":"category","embeddable":true,"href":"https:\/\/invego.ee\/tiskreoja\/wp-json\/wp\/v2\/categories?post=5280"},{"taxonomy":"post_tag","embeddable":true,"href":"https:\/\/invego.ee\/tiskreoja\/wp-json\/wp\/v2\/tags?post=5280"}],"curies":[{"name":"wp","href":"https:\/\/api.w.org\/{rel}","templated":true}]}}