{"id":4509,"date":"2020-04-20T16:06:36","date_gmt":"2020-04-20T13:06:36","guid":{"rendered":"https:\/\/invego.ee\/tiskreoja\/?p=4509"},"modified":"2020-04-20T16:13:51","modified_gmt":"2020-04-20T13:13:51","slug":"tiskreojale-kodu-rajav-maria-me-ei-plaaninud-oismaelt-lahkuda-aga-siis","status":"publish","type":"post","link":"https:\/\/invego.ee\/tiskreoja\/blogi\/tiskreojale-kodu-rajav-maria-me-ei-plaaninud-oismaelt-lahkuda-aga-siis\/","title":{"rendered":"Tiskreojale kodu rajav Maria: &#8220;Me ei plaaninud \u00d5ism\u00e4elt lahkuda, aga siis&#8230;&#8221;"},"content":{"rendered":"\n<p><strong>Uudne Tiskreoja elurajoon kerkib paljuski noori peresid silmas pidades. Nende seas on ka oma varastes kahek\u00fcmnendates Maria, kes on koos abikaasaga Tiskreojale kodu rajamas. K\u00fcsisime neilt, milliste tunnetega nad oma esimese \u00fchise kodu valmimist ootavad.<\/strong><\/p>\n\n\n\n<p><strong>Kas olete elevil, et juba varsti saab oma uude koju sisse kolida?<\/strong><\/p>\n\n\n\n<p>Saime Tiskreojalt just k\u00f5ne, et neil on meile uudiseid \u2013 ma j\u00f5udsin juba tuhat m\u00f5tet m\u00f5elda, mis v\u00f5ib valesti olla, kuid nad \u00fctlesid hoopis r\u00f5\u00f5msalt, et meie kodud v\u00f5ivad valmis saada algselt plaanitust isegi palju varem. S\u00f5itsin t\u00f6\u00f6lt tulles Tiskreojast m\u00f6\u00f6da ja ausalt \u00f6eldes nutsin r\u00f5\u00f5must \u2013 ma ei suuda siiani ette kujutada, et k\u00f5ik on juba nii kiiresti k\u00e4inud. See oli t\u00f5eline emotsioonide plahvatus ja positiivne laeng!&nbsp;<\/p>\n\n\n\n<p><strong>Mida k\u00f5ige rohkem oma uuest kodust ootate?<\/strong><\/p>\n\n\n\n<p>Usun, et meid ootavad naabrid, kes on samasugused noored ja positiivsed. Et tekib hubane, positiivne ja s\u00f5bralik \u00f5hkkond nii kodus kui ka maja \u00fcmber asuvates parkides ja m\u00e4nguv\u00e4ljakutel. Uus piirkond \u2013 see on nagu uus elu.<\/p>\n\n\n\n<p><strong>Kas sisekujunduse osas olete&nbsp;<\/strong><strong>ka&nbsp;<\/strong><strong>juba plaane teinud?<\/strong><\/p>\n\n\n\n<p>Te ilmselt ei usu, aga me laadisime oma kodu projekti Sims 4 arvutim\u00e4ngu, et s\u00e4ttida korteri sisekujundust ja m\u00f5elda m\u00f6\u00f6bli paigutuse peale. S\u00e4ttisime ja unistasime, kuidas ja mida kasutada, millist m\u00f6\u00f6blit, milliseid v\u00e4rve. Peamine unistus on aga akna \u00e4\u00e4res kiiktool, pleed, lemmiktee laua peal ja kaunite p\u00e4ikeseloojangute vaatamine\u2026 Majal on ju lihtsalt h\u00e4mmastavad aknad \u2013 sellistest v\u00f5is ainult unistada.<\/p>\n\n\n\n<p><strong>Aga miks te just Tiskreoja kasuks otsustasite?<\/strong><\/p>\n\n\n\n<p>Esialgu ei kavatsenud me sel aastal \u00fcldse korterit osta. Oleme noored ning alles hakkasime oma elu planeerima. Samuti oli esimene pilk \u00d5ism\u00e4e suunas, kust me ei tahtnud lahkuda, kuid me ei leidnud siit \u00fchtegi huvitavat korterit ega uusarendust ning otsustasime, et vaatame uuel aastal edasi. No ja istusin \u00fchel ilusal p\u00e4eval arvuti taga ja otsustasin vaadata, mida Tallinna l\u00e4heduses veel ehitatakse. Ja seal see oli \u2013 armastus esimesest silmapilgust, hullumeelsus! R\u00e4\u00e4kisime oma vanematega, saime oma valikule t\u00e4ieliku toetuse. \u00dctlesime \u201cjah\u201d ja pole kordagi kahetsenud. Tundub, et oleme maal ja samal ajal ka linnas \u2013 suurep\u00e4rane piirkond ja suurep\u00e4rane maja.<\/p>\n\n\n\n<p><strong>Mida arvate, et uus kodu teie elus muudab?<\/strong><\/p>\n\n\n\n<p>Oleme t\u00f5elised n\u00f6 kodu inimesed, see t\u00e4hendab, et meie kodu on meie kindlus. Samas on uue korteri asukoht nii suurep\u00e4rane \u2013 mere, terviseradade ja metsa l\u00e4hedal. M\u00f5tlesime juba ka elektriliste t\u00f5ukerataste ostmisele, et saaksime veelgi paremini kasutada v\u00f5imalust kogu seda loodust ja puhast \u00f5hku igal pool kodu\u00fcmbruses nautida. Olen enam kui kindel, et meie elu muutub radikaalselt ja avaneb t\u00e4iesti teine hingamine, mis toob meie ellu veelgi heledamad v\u00e4rvid ja suurep\u00e4rased v\u00f5imalused, aga ka uusi unistusi. See on meie elu esimene korter ja meil on \u00e4\u00e4rmiselt hea meel, et Tiskreoja valisime.<\/p>\n","protected":false},"excerpt":{"rendered":"","protected":false},"author":5,"featured_media":4513,"comment_status":"open","ping_status":"open","sticky":false,"template":"","format":"standard","meta":{"_acf_changed":false,"inline_featured_image":false,"advgb_blocks_editor_width":"","advgb_blocks_columns_visual_guide":"","_exactmetrics_skip_tracking":false,"_exactmetrics_sitenote_active":false,"_exactmetrics_sitenote_note":"","_exactmetrics_sitenote_category":0,"footnotes":""},"categories":[4],"tags":[],"class_list":["post-4509","post","type-post","status-publish","format-standard","has-post-thumbnail","hentry","category-blogi"],"acf":[],"yoast_head":"<!-- This site is optimized with the Yoast SEO plugin v24.9 - https:\/\/yoast.com\/wordpress\/plugins\/seo\/ -->\n<title>Tiskreojale kodu rajav Maria: &quot;Me ei plaaninud \u00d5ism\u00e4elt lahkuda, aga siis...&quot;<\/title>\n<meta name=\"description\" content=\"Uudne Tiskreoja elurajoon kerkib paljuski noori peresid silmas pidades. Nende seas on ka oma varastes kahek\u00fcmnendates Maria ja Vladimir, kes on Tiskreojale kodu rajamas. K\u00fcsisime neilt, milliste tunnetega nad oma esimese \u00fchise kodu valmimist ootavad.\" \/>\n<meta name=\"robots\" content=\"index, follow, max-snippet:-1, max-image-preview:large, max-video-preview:-1\" \/>\n<link rel=\"canonical\" href=\"https:\/\/invego.ee\/tiskreoja\/blogi\/tiskreojale-kodu-rajav-maria-me-ei-plaaninud-oismaelt-lahkuda-aga-siis\/\" \/>\n<meta property=\"og:locale\" content=\"et_EE\" \/>\n<meta property=\"og:type\" content=\"article\" \/>\n<meta property=\"og:title\" content=\"Tiskreojale kodu rajav Maria: &quot;Me ei plaaninud \u00d5ism\u00e4elt lahkuda, aga siis...&quot;\" \/>\n<meta property=\"og:description\" content=\"Uudne Tiskreoja elurajoon kerkib paljuski noori peresid silmas pidades. Nende seas on ka oma varastes kahek\u00fcmnendates Maria ja Vladimir, kes on Tiskreojale kodu rajamas. K\u00fcsisime neilt, milliste tunnetega nad oma esimese \u00fchise kodu valmimist ootavad.\" \/>\n<meta property=\"og:url\" content=\"https:\/\/invego.ee\/tiskreoja\/blogi\/tiskreojale-kodu-rajav-maria-me-ei-plaaninud-oismaelt-lahkuda-aga-siis\/\" \/>\n<meta property=\"og:site_name\" content=\"Tiskreoja - loome tulevikustandardi\" \/>\n<meta property=\"article:published_time\" content=\"2020-04-20T13:06:36+00:00\" \/>\n<meta property=\"article:modified_time\" content=\"2020-04-20T13:13:51+00:00\" \/>\n<meta property=\"og:image\" content=\"https:\/\/invego.ee\/tiskreoja\/wp-content\/uploads\/2020\/04\/kodu.jpg\" \/>\n\t<meta property=\"og:image:width\" content=\"1920\" \/>\n\t<meta property=\"og:image:height\" content=\"1920\" \/>\n\t<meta property=\"og:image:type\" content=\"image\/jpeg\" \/>\n<meta name=\"author\" content=\"Heiki\" \/>\n<meta name=\"twitter:card\" content=\"summary_large_image\" \/>\n<script type=\"application\/ld+json\" class=\"yoast-schema-graph\">{\"@context\":\"https:\/\/schema.org\",\"@graph\":[{\"@type\":\"Article\",\"@id\":\"https:\/\/invego.ee\/tiskreoja\/blogi\/tiskreojale-kodu-rajav-maria-me-ei-plaaninud-oismaelt-lahkuda-aga-siis\/#article\",\"isPartOf\":{\"@id\":\"https:\/\/invego.ee\/tiskreoja\/blogi\/tiskreojale-kodu-rajav-maria-me-ei-plaaninud-oismaelt-lahkuda-aga-siis\/\"},\"author\":{\"name\":\"Heiki\",\"@id\":\"https:\/\/invego.ee\/tiskreoja\/#\/schema\/person\/aca914387bb0fd8e6e188a9c2ae929d3\"},\"headline\":\"Tiskreojale kodu rajav Maria: &#8220;Me ei plaaninud \u00d5ism\u00e4elt lahkuda, aga siis&#8230;&#8221;\",\"datePublished\":\"2020-04-20T13:06:36+00:00\",\"dateModified\":\"2020-04-20T13:13:51+00:00\",\"mainEntityOfPage\":{\"@id\":\"https:\/\/invego.ee\/tiskreoja\/blogi\/tiskreojale-kodu-rajav-maria-me-ei-plaaninud-oismaelt-lahkuda-aga-siis\/\"},\"wordCount\":486,\"commentCount\":0,\"publisher\":{\"@id\":\"https:\/\/invego.ee\/tiskreoja\/#organization\"},\"image\":{\"@id\":\"https:\/\/invego.ee\/tiskreoja\/blogi\/tiskreojale-kodu-rajav-maria-me-ei-plaaninud-oismaelt-lahkuda-aga-siis\/#primaryimage\"},\"thumbnailUrl\":\"https:\/\/invego.ee\/tiskreoja\/wp-content\/uploads\/2020\/04\/kodu.jpg\",\"articleSection\":[\"Blogi\"],\"inLanguage\":\"et\",\"potentialAction\":[{\"@type\":\"CommentAction\",\"name\":\"Comment\",\"target\":[\"https:\/\/invego.ee\/tiskreoja\/blogi\/tiskreojale-kodu-rajav-maria-me-ei-plaaninud-oismaelt-lahkuda-aga-siis\/#respond\"]}]},{\"@type\":\"WebPage\",\"@id\":\"https:\/\/invego.ee\/tiskreoja\/blogi\/tiskreojale-kodu-rajav-maria-me-ei-plaaninud-oismaelt-lahkuda-aga-siis\/\",\"url\":\"https:\/\/invego.ee\/tiskreoja\/blogi\/tiskreojale-kodu-rajav-maria-me-ei-plaaninud-oismaelt-lahkuda-aga-siis\/\",\"name\":\"Tiskreojale kodu rajav Maria: \\\"Me ei plaaninud \u00d5ism\u00e4elt lahkuda, aga siis...\\\"\",\"isPartOf\":{\"@id\":\"https:\/\/invego.ee\/tiskreoja\/#website\"},\"primaryImageOfPage\":{\"@id\":\"https:\/\/invego.ee\/tiskreoja\/blogi\/tiskreojale-kodu-rajav-maria-me-ei-plaaninud-oismaelt-lahkuda-aga-siis\/#primaryimage\"},\"image\":{\"@id\":\"https:\/\/invego.ee\/tiskreoja\/blogi\/tiskreojale-kodu-rajav-maria-me-ei-plaaninud-oismaelt-lahkuda-aga-siis\/#primaryimage\"},\"thumbnailUrl\":\"https:\/\/invego.ee\/tiskreoja\/wp-content\/uploads\/2020\/04\/kodu.jpg\",\"datePublished\":\"2020-04-20T13:06:36+00:00\",\"dateModified\":\"2020-04-20T13:13:51+00:00\",\"description\":\"Uudne Tiskreoja elurajoon kerkib paljuski noori peresid silmas pidades. Nende seas on ka oma varastes kahek\u00fcmnendates Maria ja Vladimir, kes on Tiskreojale kodu rajamas. K\u00fcsisime neilt, milliste tunnetega nad oma esimese \u00fchise kodu valmimist ootavad.\",\"breadcrumb\":{\"@id\":\"https:\/\/invego.ee\/tiskreoja\/blogi\/tiskreojale-kodu-rajav-maria-me-ei-plaaninud-oismaelt-lahkuda-aga-siis\/#breadcrumb\"},\"inLanguage\":\"et\",\"potentialAction\":[{\"@type\":\"ReadAction\",\"target\":[\"https:\/\/invego.ee\/tiskreoja\/blogi\/tiskreojale-kodu-rajav-maria-me-ei-plaaninud-oismaelt-lahkuda-aga-siis\/\"]}]},{\"@type\":\"ImageObject\",\"inLanguage\":\"et\",\"@id\":\"https:\/\/invego.ee\/tiskreoja\/blogi\/tiskreojale-kodu-rajav-maria-me-ei-plaaninud-oismaelt-lahkuda-aga-siis\/#primaryimage\",\"url\":\"https:\/\/invego.ee\/tiskreoja\/wp-content\/uploads\/2020\/04\/kodu.jpg\",\"contentUrl\":\"https:\/\/invego.ee\/tiskreoja\/wp-content\/uploads\/2020\/04\/kodu.jpg\",\"width\":1920,\"height\":1920},{\"@type\":\"BreadcrumbList\",\"@id\":\"https:\/\/invego.ee\/tiskreoja\/blogi\/tiskreojale-kodu-rajav-maria-me-ei-plaaninud-oismaelt-lahkuda-aga-siis\/#breadcrumb\",\"itemListElement\":[{\"@type\":\"ListItem\",\"position\":1,\"name\":\"Home\",\"item\":\"https:\/\/invego.ee\/tiskreoja\/\"},{\"@type\":\"ListItem\",\"position\":2,\"name\":\"Tiskreojale kodu rajav Maria: &#8220;Me ei plaaninud \u00d5ism\u00e4elt lahkuda, aga siis&#8230;&#8221;\"}]},{\"@type\":\"WebSite\",\"@id\":\"https:\/\/invego.ee\/tiskreoja\/#website\",\"url\":\"https:\/\/invego.ee\/tiskreoja\/\",\"name\":\"Tiskreoja - loome tulevikustandardi\",\"description\":\"Tiskreoja on terviklik tuleviku elukeskkond \u00fcmbritsetud roheluse ja rohkete vaba aja veetmise v\u00f5imalustega.\",\"publisher\":{\"@id\":\"https:\/\/invego.ee\/tiskreoja\/#organization\"},\"potentialAction\":[{\"@type\":\"SearchAction\",\"target\":{\"@type\":\"EntryPoint\",\"urlTemplate\":\"https:\/\/invego.ee\/tiskreoja\/?s={search_term_string}\"},\"query-input\":{\"@type\":\"PropertyValueSpecification\",\"valueRequired\":true,\"valueName\":\"search_term_string\"}}],\"inLanguage\":\"et\"},{\"@type\":\"Organization\",\"@id\":\"https:\/\/invego.ee\/tiskreoja\/#organization\",\"name\":\"Tiskreoja - loome tulevikustandardi\",\"url\":\"https:\/\/invego.ee\/tiskreoja\/\",\"logo\":{\"@type\":\"ImageObject\",\"inLanguage\":\"et\",\"@id\":\"https:\/\/invego.ee\/tiskreoja\/#\/schema\/logo\/image\/\",\"url\":\"https:\/\/invego.ee\/tiskreoja\/wp-content\/uploads\/2025\/04\/tiskreoja_logo_oranz.svg\",\"contentUrl\":\"https:\/\/invego.ee\/tiskreoja\/wp-content\/uploads\/2025\/04\/tiskreoja_logo_oranz.svg\",\"width\":157,\"height\":157,\"caption\":\"Tiskreoja - loome tulevikustandardi\"},\"image\":{\"@id\":\"https:\/\/invego.ee\/tiskreoja\/#\/schema\/logo\/image\/\"}},{\"@type\":\"Person\",\"@id\":\"https:\/\/invego.ee\/tiskreoja\/#\/schema\/person\/aca914387bb0fd8e6e188a9c2ae929d3\",\"name\":\"Heiki\",\"image\":{\"@type\":\"ImageObject\",\"inLanguage\":\"et\",\"@id\":\"https:\/\/invego.ee\/tiskreoja\/#\/schema\/person\/image\/\",\"url\":\"https:\/\/secure.gravatar.com\/avatar\/990f9aa7368b73f6d16c412f6ee08af054eacc4697e3e1b28821ad1a5f6cb6c7?s=96&d=mm&r=g\",\"contentUrl\":\"https:\/\/secure.gravatar.com\/avatar\/990f9aa7368b73f6d16c412f6ee08af054eacc4697e3e1b28821ad1a5f6cb6c7?s=96&d=mm&r=g\",\"caption\":\"Heiki\"}}]}<\/script>\n<!-- \/ Yoast SEO plugin. -->","yoast_head_json":{"title":"Tiskreojale kodu rajav Maria: \"Me ei plaaninud \u00d5ism\u00e4elt lahkuda, aga siis...\"","description":"Uudne Tiskreoja elurajoon kerkib paljuski noori peresid silmas pidades. Nende seas on ka oma varastes kahek\u00fcmnendates Maria ja Vladimir, kes on Tiskreojale kodu rajamas. K\u00fcsisime neilt, milliste tunnetega nad oma esimese \u00fchise kodu valmimist ootavad.","robots":{"index":"index","follow":"follow","max-snippet":"max-snippet:-1","max-image-preview":"max-image-preview:large","max-video-preview":"max-video-preview:-1"},"canonical":"https:\/\/invego.ee\/tiskreoja\/blogi\/tiskreojale-kodu-rajav-maria-me-ei-plaaninud-oismaelt-lahkuda-aga-siis\/","og_locale":"et_EE","og_type":"article","og_title":"Tiskreojale kodu rajav Maria: \"Me ei plaaninud \u00d5ism\u00e4elt lahkuda, aga siis...\"","og_description":"Uudne Tiskreoja elurajoon kerkib paljuski noori peresid silmas pidades. Nende seas on ka oma varastes kahek\u00fcmnendates Maria ja Vladimir, kes on Tiskreojale kodu rajamas. K\u00fcsisime neilt, milliste tunnetega nad oma esimese \u00fchise kodu valmimist ootavad.","og_url":"https:\/\/invego.ee\/tiskreoja\/blogi\/tiskreojale-kodu-rajav-maria-me-ei-plaaninud-oismaelt-lahkuda-aga-siis\/","og_site_name":"Tiskreoja - loome tulevikustandardi","article_published_time":"2020-04-20T13:06:36+00:00","article_modified_time":"2020-04-20T13:13:51+00:00","og_image":[{"width":1920,"height":1920,"url":"https:\/\/invego.ee\/tiskreoja\/wp-content\/uploads\/2020\/04\/kodu.jpg","type":"image\/jpeg"}],"author":"Heiki","twitter_card":"summary_large_image","schema":{"@context":"https:\/\/schema.org","@graph":[{"@type":"Article","@id":"https:\/\/invego.ee\/tiskreoja\/blogi\/tiskreojale-kodu-rajav-maria-me-ei-plaaninud-oismaelt-lahkuda-aga-siis\/#article","isPartOf":{"@id":"https:\/\/invego.ee\/tiskreoja\/blogi\/tiskreojale-kodu-rajav-maria-me-ei-plaaninud-oismaelt-lahkuda-aga-siis\/"},"author":{"name":"Heiki","@id":"https:\/\/invego.ee\/tiskreoja\/#\/schema\/person\/aca914387bb0fd8e6e188a9c2ae929d3"},"headline":"Tiskreojale kodu rajav Maria: &#8220;Me ei plaaninud \u00d5ism\u00e4elt lahkuda, aga siis&#8230;&#8221;","datePublished":"2020-04-20T13:06:36+00:00","dateModified":"2020-04-20T13:13:51+00:00","mainEntityOfPage":{"@id":"https:\/\/invego.ee\/tiskreoja\/blogi\/tiskreojale-kodu-rajav-maria-me-ei-plaaninud-oismaelt-lahkuda-aga-siis\/"},"wordCount":486,"commentCount":0,"publisher":{"@id":"https:\/\/invego.ee\/tiskreoja\/#organization"},"image":{"@id":"https:\/\/invego.ee\/tiskreoja\/blogi\/tiskreojale-kodu-rajav-maria-me-ei-plaaninud-oismaelt-lahkuda-aga-siis\/#primaryimage"},"thumbnailUrl":"https:\/\/invego.ee\/tiskreoja\/wp-content\/uploads\/2020\/04\/kodu.jpg","articleSection":["Blogi"],"inLanguage":"et","potentialAction":[{"@type":"CommentAction","name":"Comment","target":["https:\/\/invego.ee\/tiskreoja\/blogi\/tiskreojale-kodu-rajav-maria-me-ei-plaaninud-oismaelt-lahkuda-aga-siis\/#respond"]}]},{"@type":"WebPage","@id":"https:\/\/invego.ee\/tiskreoja\/blogi\/tiskreojale-kodu-rajav-maria-me-ei-plaaninud-oismaelt-lahkuda-aga-siis\/","url":"https:\/\/invego.ee\/tiskreoja\/blogi\/tiskreojale-kodu-rajav-maria-me-ei-plaaninud-oismaelt-lahkuda-aga-siis\/","name":"Tiskreojale kodu rajav Maria: \"Me ei plaaninud \u00d5ism\u00e4elt lahkuda, aga siis...\"","isPartOf":{"@id":"https:\/\/invego.ee\/tiskreoja\/#website"},"primaryImageOfPage":{"@id":"https:\/\/invego.ee\/tiskreoja\/blogi\/tiskreojale-kodu-rajav-maria-me-ei-plaaninud-oismaelt-lahkuda-aga-siis\/#primaryimage"},"image":{"@id":"https:\/\/invego.ee\/tiskreoja\/blogi\/tiskreojale-kodu-rajav-maria-me-ei-plaaninud-oismaelt-lahkuda-aga-siis\/#primaryimage"},"thumbnailUrl":"https:\/\/invego.ee\/tiskreoja\/wp-content\/uploads\/2020\/04\/kodu.jpg","datePublished":"2020-04-20T13:06:36+00:00","dateModified":"2020-04-20T13:13:51+00:00","description":"Uudne Tiskreoja elurajoon kerkib paljuski noori peresid silmas pidades. Nende seas on ka oma varastes kahek\u00fcmnendates Maria ja Vladimir, kes on Tiskreojale kodu rajamas. K\u00fcsisime neilt, milliste tunnetega nad oma esimese \u00fchise kodu valmimist ootavad.","breadcrumb":{"@id":"https:\/\/invego.ee\/tiskreoja\/blogi\/tiskreojale-kodu-rajav-maria-me-ei-plaaninud-oismaelt-lahkuda-aga-siis\/#breadcrumb"},"inLanguage":"et","potentialAction":[{"@type":"ReadAction","target":["https:\/\/invego.ee\/tiskreoja\/blogi\/tiskreojale-kodu-rajav-maria-me-ei-plaaninud-oismaelt-lahkuda-aga-siis\/"]}]},{"@type":"ImageObject","inLanguage":"et","@id":"https:\/\/invego.ee\/tiskreoja\/blogi\/tiskreojale-kodu-rajav-maria-me-ei-plaaninud-oismaelt-lahkuda-aga-siis\/#primaryimage","url":"https:\/\/invego.ee\/tiskreoja\/wp-content\/uploads\/2020\/04\/kodu.jpg","contentUrl":"https:\/\/invego.ee\/tiskreoja\/wp-content\/uploads\/2020\/04\/kodu.jpg","width":1920,"height":1920},{"@type":"BreadcrumbList","@id":"https:\/\/invego.ee\/tiskreoja\/blogi\/tiskreojale-kodu-rajav-maria-me-ei-plaaninud-oismaelt-lahkuda-aga-siis\/#breadcrumb","itemListElement":[{"@type":"ListItem","position":1,"name":"Home","item":"https:\/\/invego.ee\/tiskreoja\/"},{"@type":"ListItem","position":2,"name":"Tiskreojale kodu rajav Maria: &#8220;Me ei plaaninud \u00d5ism\u00e4elt lahkuda, aga siis&#8230;&#8221;"}]},{"@type":"WebSite","@id":"https:\/\/invego.ee\/tiskreoja\/#website","url":"https:\/\/invego.ee\/tiskreoja\/","name":"Tiskreoja - loome tulevikustandardi","description":"Tiskreoja on terviklik tuleviku elukeskkond \u00fcmbritsetud roheluse ja rohkete vaba aja veetmise v\u00f5imalustega.","publisher":{"@id":"https:\/\/invego.ee\/tiskreoja\/#organization"},"potentialAction":[{"@type":"SearchAction","target":{"@type":"EntryPoint","urlTemplate":"https:\/\/invego.ee\/tiskreoja\/?s={search_term_string}"},"query-input":{"@type":"PropertyValueSpecification","valueRequired":true,"valueName":"search_term_string"}}],"inLanguage":"et"},{"@type":"Organization","@id":"https:\/\/invego.ee\/tiskreoja\/#organization","name":"Tiskreoja - loome tulevikustandardi","url":"https:\/\/invego.ee\/tiskreoja\/","logo":{"@type":"ImageObject","inLanguage":"et","@id":"https:\/\/invego.ee\/tiskreoja\/#\/schema\/logo\/image\/","url":"https:\/\/invego.ee\/tiskreoja\/wp-content\/uploads\/2025\/04\/tiskreoja_logo_oranz.svg","contentUrl":"https:\/\/invego.ee\/tiskreoja\/wp-content\/uploads\/2025\/04\/tiskreoja_logo_oranz.svg","width":157,"height":157,"caption":"Tiskreoja - loome tulevikustandardi"},"image":{"@id":"https:\/\/invego.ee\/tiskreoja\/#\/schema\/logo\/image\/"}},{"@type":"Person","@id":"https:\/\/invego.ee\/tiskreoja\/#\/schema\/person\/aca914387bb0fd8e6e188a9c2ae929d3","name":"Heiki","image":{"@type":"ImageObject","inLanguage":"et","@id":"https:\/\/invego.ee\/tiskreoja\/#\/schema\/person\/image\/","url":"https:\/\/secure.gravatar.com\/avatar\/990f9aa7368b73f6d16c412f6ee08af054eacc4697e3e1b28821ad1a5f6cb6c7?s=96&d=mm&r=g","contentUrl":"https:\/\/secure.gravatar.com\/avatar\/990f9aa7368b73f6d16c412f6ee08af054eacc4697e3e1b28821ad1a5f6cb6c7?s=96&d=mm&r=g","caption":"Heiki"}}]}},"author_meta":{"display_name":"Heiki","author_link":"https:\/\/invego.ee\/tiskreoja\/author\/heiki\/"},"featured_img":"https:\/\/invego.ee\/tiskreoja\/wp-content\/uploads\/2020\/04\/kodu-250x250.jpg","coauthors":[],"tax_additional":{"categories":{"linked":["<a href=\"https:\/\/invego.ee\/tiskreoja\/blogi\/\" class=\"advgb-post-tax-term\">Blogi<\/a>"],"unlinked":["<span class=\"advgb-post-tax-term\">Blogi<\/span>"]}},"comment_count":"0","relative_dates":{"created":"Posted 6 aastat ago","modified":"Updated 6 aastat ago"},"absolute_dates":{"created":"Posted on aprill 20, 2020","modified":"Updated on aprill 20, 2020"},"absolute_dates_time":{"created":"Posted on aprill 20, 2020 4:06 p.l.","modified":"Updated on aprill 20, 2020 4:13 p.l."},"featured_img_caption":"","series_order":"","_links":{"self":[{"href":"https:\/\/invego.ee\/tiskreoja\/wp-json\/wp\/v2\/posts\/4509","targetHints":{"allow":["GET"]}}],"collection":[{"href":"https:\/\/invego.ee\/tiskreoja\/wp-json\/wp\/v2\/posts"}],"about":[{"href":"https:\/\/invego.ee\/tiskreoja\/wp-json\/wp\/v2\/types\/post"}],"author":[{"embeddable":true,"href":"https:\/\/invego.ee\/tiskreoja\/wp-json\/wp\/v2\/users\/5"}],"replies":[{"embeddable":true,"href":"https:\/\/invego.ee\/tiskreoja\/wp-json\/wp\/v2\/comments?post=4509"}],"version-history":[{"count":1,"href":"https:\/\/invego.ee\/tiskreoja\/wp-json\/wp\/v2\/posts\/4509\/revisions"}],"predecessor-version":[{"id":4510,"href":"https:\/\/invego.ee\/tiskreoja\/wp-json\/wp\/v2\/posts\/4509\/revisions\/4510"}],"wp:featuredmedia":[{"embeddable":true,"href":"https:\/\/invego.ee\/tiskreoja\/wp-json\/wp\/v2\/media\/4513"}],"wp:attachment":[{"href":"https:\/\/invego.ee\/tiskreoja\/wp-json\/wp\/v2\/media?parent=4509"}],"wp:term":[{"taxonomy":"category","embeddable":true,"href":"https:\/\/invego.ee\/tiskreoja\/wp-json\/wp\/v2\/categories?post=4509"},{"taxonomy":"post_tag","embeddable":true,"href":"https:\/\/invego.ee\/tiskreoja\/wp-json\/wp\/v2\/tags?post=4509"}],"curies":[{"name":"wp","href":"https:\/\/api.w.org\/{rel}","templated":true}]}}