{"id":3143,"date":"2019-10-16T15:18:59","date_gmt":"2019-10-16T12:18:59","guid":{"rendered":"https:\/\/invego.ee\/tiskreoja\/?p=3143"},"modified":"2019-10-16T15:19:00","modified_gmt":"2019-10-16T12:19:00","slug":"tiskre-ja-kakumae-vahele-tuleb-sild","status":"publish","type":"post","link":"https:\/\/invego.ee\/tiskreoja\/blogi\/tiskre-ja-kakumae-vahele-tuleb-sild\/","title":{"rendered":"Tiskre ja Kakum\u00e4e vahele tuleb sild"},"content":{"rendered":"\n<p><strong>K\u00e4esoleval n\u00e4dalal alustati \u00a0Tiskre oja purde ning jalgtee rajamisega. Kakum\u00e4e ja Tiskre piirile tulev jalgtee loob v\u00f5imaluse minna otse \u00fcle Tiskre oja R\u00e4ime t\u00e4navalt Roostiku t\u00e4navale.<\/strong><!--more--><\/p>\n<p>Haabersti linnaosa vanem Andre Hanim\u00e4gi s\u00f5nas, et jalgtee koosneb Tiskre oja \u00fcletamiseks rajatavast 12 meetri pikkusest purdest ja oja vasakkaldale rajatavast laudteest.<\/p>\n<p>Laudtee peale- ning mahas\u00f5idud R\u00e4ime ja Roostiku t\u00e4naval viiakse olemasoleva pinnasega samasse tasapinda ja tulevad ilma astmeteta ning seet\u00f5ttu on sobilikud ka lapsevankriga ning ratastooliga liiklejatele.\u00a0Laudtee ja \u00fcle oja kulgev purre on heaks v\u00f5imaluseks Tiskre poolt tulijatel tulevikus otse Kakum\u00e4e randa ja rannaparki p\u00e4\u00e4seda.<\/p>\n<p>Linnaosavanem lisas, et rajatav laudtee ja purre on esimene sammuks, et tulevikus rajada pikki ranna\u00e4\u00e4rt kulgev laudtee Tabasalu panga alt Kakum\u00e4e randa.<\/p>\n<p><br \/><em>Foto: Haabersti linnaosavalitsus<\/em><\/p>\n","protected":false},"excerpt":{"rendered":"","protected":false},"author":5,"featured_media":3144,"comment_status":"open","ping_status":"open","sticky":false,"template":"","format":"standard","meta":{"_acf_changed":false,"inline_featured_image":false,"advgb_blocks_editor_width":"","advgb_blocks_columns_visual_guide":"","_exactmetrics_skip_tracking":false,"_exactmetrics_sitenote_active":false,"_exactmetrics_sitenote_note":"","_exactmetrics_sitenote_category":0,"footnotes":""},"categories":[4],"tags":[],"class_list":["post-3143","post","type-post","status-publish","format-standard","has-post-thumbnail","hentry","category-blogi"],"acf":[],"yoast_head":"<!-- This site is optimized with the Yoast SEO plugin v24.9 - https:\/\/yoast.com\/wordpress\/plugins\/seo\/ -->\n<title>Tiskre ja Kakum\u00e4e vahele tuleb sild<\/title>\n<meta name=\"description\" content=\"K\u00e4esoleval n\u00e4dalal alustati Tiskre oja purde ning jalgtee rajamisega. Kakum\u00e4e ja Tiskre piirile tulev jalgtee loob v\u00f5imaluse minna otse \u00fcle Tiskre oja R\u00e4ime t\u00e4navalt Roostiku t\u00e4navale.\" \/>\n<meta name=\"robots\" content=\"index, follow, max-snippet:-1, max-image-preview:large, max-video-preview:-1\" \/>\n<link rel=\"canonical\" href=\"https:\/\/invego.ee\/tiskreoja\/blogi\/tiskre-ja-kakumae-vahele-tuleb-sild\/\" \/>\n<meta property=\"og:locale\" content=\"et_EE\" \/>\n<meta property=\"og:type\" content=\"article\" \/>\n<meta property=\"og:title\" content=\"Tiskre ja Kakum\u00e4e vahele tuleb sild\" \/>\n<meta property=\"og:description\" content=\"K\u00e4esoleval n\u00e4dalal alustati Tiskre oja purde ning jalgtee rajamisega. Kakum\u00e4e ja Tiskre piirile tulev jalgtee loob v\u00f5imaluse minna otse \u00fcle Tiskre oja R\u00e4ime t\u00e4navalt Roostiku t\u00e4navale.\" \/>\n<meta property=\"og:url\" content=\"https:\/\/invego.ee\/tiskreoja\/blogi\/tiskre-ja-kakumae-vahele-tuleb-sild\/\" \/>\n<meta property=\"og:site_name\" content=\"Tiskreoja - loome tulevikustandardi\" \/>\n<meta property=\"article:published_time\" content=\"2019-10-16T12:18:59+00:00\" \/>\n<meta property=\"article:modified_time\" content=\"2019-10-16T12:19:00+00:00\" \/>\n<meta property=\"og:image\" content=\"https:\/\/invego.ee\/tiskreoja\/wp-content\/uploads\/2019\/10\/purre.jpg\" \/>\n\t<meta property=\"og:image:width\" content=\"1200\" \/>\n\t<meta property=\"og:image:height\" content=\"630\" \/>\n\t<meta property=\"og:image:type\" content=\"image\/jpeg\" \/>\n<meta name=\"author\" content=\"Heiki\" \/>\n<meta name=\"twitter:card\" content=\"summary_large_image\" \/>\n<script type=\"application\/ld+json\" class=\"yoast-schema-graph\">{\"@context\":\"https:\/\/schema.org\",\"@graph\":[{\"@type\":\"Article\",\"@id\":\"https:\/\/invego.ee\/tiskreoja\/blogi\/tiskre-ja-kakumae-vahele-tuleb-sild\/#article\",\"isPartOf\":{\"@id\":\"https:\/\/invego.ee\/tiskreoja\/blogi\/tiskre-ja-kakumae-vahele-tuleb-sild\/\"},\"author\":{\"name\":\"Heiki\",\"@id\":\"https:\/\/invego.ee\/tiskreoja\/#\/schema\/person\/aca914387bb0fd8e6e188a9c2ae929d3\"},\"headline\":\"Tiskre ja Kakum\u00e4e vahele tuleb sild\",\"datePublished\":\"2019-10-16T12:18:59+00:00\",\"dateModified\":\"2019-10-16T12:19:00+00:00\",\"mainEntityOfPage\":{\"@id\":\"https:\/\/invego.ee\/tiskreoja\/blogi\/tiskre-ja-kakumae-vahele-tuleb-sild\/\"},\"wordCount\":142,\"commentCount\":0,\"publisher\":{\"@id\":\"https:\/\/invego.ee\/tiskreoja\/#organization\"},\"image\":{\"@id\":\"https:\/\/invego.ee\/tiskreoja\/blogi\/tiskre-ja-kakumae-vahele-tuleb-sild\/#primaryimage\"},\"thumbnailUrl\":\"https:\/\/invego.ee\/tiskreoja\/wp-content\/uploads\/2019\/10\/purre.jpg\",\"articleSection\":[\"Blogi\"],\"inLanguage\":\"et\",\"potentialAction\":[{\"@type\":\"CommentAction\",\"name\":\"Comment\",\"target\":[\"https:\/\/invego.ee\/tiskreoja\/blogi\/tiskre-ja-kakumae-vahele-tuleb-sild\/#respond\"]}]},{\"@type\":\"WebPage\",\"@id\":\"https:\/\/invego.ee\/tiskreoja\/blogi\/tiskre-ja-kakumae-vahele-tuleb-sild\/\",\"url\":\"https:\/\/invego.ee\/tiskreoja\/blogi\/tiskre-ja-kakumae-vahele-tuleb-sild\/\",\"name\":\"Tiskre ja Kakum\u00e4e vahele tuleb sild\",\"isPartOf\":{\"@id\":\"https:\/\/invego.ee\/tiskreoja\/#website\"},\"primaryImageOfPage\":{\"@id\":\"https:\/\/invego.ee\/tiskreoja\/blogi\/tiskre-ja-kakumae-vahele-tuleb-sild\/#primaryimage\"},\"image\":{\"@id\":\"https:\/\/invego.ee\/tiskreoja\/blogi\/tiskre-ja-kakumae-vahele-tuleb-sild\/#primaryimage\"},\"thumbnailUrl\":\"https:\/\/invego.ee\/tiskreoja\/wp-content\/uploads\/2019\/10\/purre.jpg\",\"datePublished\":\"2019-10-16T12:18:59+00:00\",\"dateModified\":\"2019-10-16T12:19:00+00:00\",\"description\":\"K\u00e4esoleval n\u00e4dalal alustati Tiskre oja purde ning jalgtee rajamisega. Kakum\u00e4e ja Tiskre piirile tulev jalgtee loob v\u00f5imaluse minna otse \u00fcle Tiskre oja R\u00e4ime t\u00e4navalt Roostiku t\u00e4navale.\",\"breadcrumb\":{\"@id\":\"https:\/\/invego.ee\/tiskreoja\/blogi\/tiskre-ja-kakumae-vahele-tuleb-sild\/#breadcrumb\"},\"inLanguage\":\"et\",\"potentialAction\":[{\"@type\":\"ReadAction\",\"target\":[\"https:\/\/invego.ee\/tiskreoja\/blogi\/tiskre-ja-kakumae-vahele-tuleb-sild\/\"]}]},{\"@type\":\"ImageObject\",\"inLanguage\":\"et\",\"@id\":\"https:\/\/invego.ee\/tiskreoja\/blogi\/tiskre-ja-kakumae-vahele-tuleb-sild\/#primaryimage\",\"url\":\"https:\/\/invego.ee\/tiskreoja\/wp-content\/uploads\/2019\/10\/purre.jpg\",\"contentUrl\":\"https:\/\/invego.ee\/tiskreoja\/wp-content\/uploads\/2019\/10\/purre.jpg\",\"width\":1200,\"height\":630},{\"@type\":\"BreadcrumbList\",\"@id\":\"https:\/\/invego.ee\/tiskreoja\/blogi\/tiskre-ja-kakumae-vahele-tuleb-sild\/#breadcrumb\",\"itemListElement\":[{\"@type\":\"ListItem\",\"position\":1,\"name\":\"Home\",\"item\":\"https:\/\/invego.ee\/tiskreoja\/\"},{\"@type\":\"ListItem\",\"position\":2,\"name\":\"Tiskre ja Kakum\u00e4e vahele tuleb sild\"}]},{\"@type\":\"WebSite\",\"@id\":\"https:\/\/invego.ee\/tiskreoja\/#website\",\"url\":\"https:\/\/invego.ee\/tiskreoja\/\",\"name\":\"Tiskreoja - loome tulevikustandardi\",\"description\":\"Tiskreoja on terviklik tuleviku elukeskkond \u00fcmbritsetud roheluse ja rohkete vaba aja veetmise v\u00f5imalustega.\",\"publisher\":{\"@id\":\"https:\/\/invego.ee\/tiskreoja\/#organization\"},\"potentialAction\":[{\"@type\":\"SearchAction\",\"target\":{\"@type\":\"EntryPoint\",\"urlTemplate\":\"https:\/\/invego.ee\/tiskreoja\/?s={search_term_string}\"},\"query-input\":{\"@type\":\"PropertyValueSpecification\",\"valueRequired\":true,\"valueName\":\"search_term_string\"}}],\"inLanguage\":\"et\"},{\"@type\":\"Organization\",\"@id\":\"https:\/\/invego.ee\/tiskreoja\/#organization\",\"name\":\"Tiskreoja - loome tulevikustandardi\",\"url\":\"https:\/\/invego.ee\/tiskreoja\/\",\"logo\":{\"@type\":\"ImageObject\",\"inLanguage\":\"et\",\"@id\":\"https:\/\/invego.ee\/tiskreoja\/#\/schema\/logo\/image\/\",\"url\":\"https:\/\/invego.ee\/tiskreoja\/wp-content\/uploads\/2025\/04\/tiskreoja_logo_oranz.svg\",\"contentUrl\":\"https:\/\/invego.ee\/tiskreoja\/wp-content\/uploads\/2025\/04\/tiskreoja_logo_oranz.svg\",\"width\":157,\"height\":157,\"caption\":\"Tiskreoja - loome tulevikustandardi\"},\"image\":{\"@id\":\"https:\/\/invego.ee\/tiskreoja\/#\/schema\/logo\/image\/\"}},{\"@type\":\"Person\",\"@id\":\"https:\/\/invego.ee\/tiskreoja\/#\/schema\/person\/aca914387bb0fd8e6e188a9c2ae929d3\",\"name\":\"Heiki\",\"image\":{\"@type\":\"ImageObject\",\"inLanguage\":\"et\",\"@id\":\"https:\/\/invego.ee\/tiskreoja\/#\/schema\/person\/image\/\",\"url\":\"https:\/\/secure.gravatar.com\/avatar\/990f9aa7368b73f6d16c412f6ee08af054eacc4697e3e1b28821ad1a5f6cb6c7?s=96&d=mm&r=g\",\"contentUrl\":\"https:\/\/secure.gravatar.com\/avatar\/990f9aa7368b73f6d16c412f6ee08af054eacc4697e3e1b28821ad1a5f6cb6c7?s=96&d=mm&r=g\",\"caption\":\"Heiki\"}}]}<\/script>\n<!-- \/ Yoast SEO plugin. -->","yoast_head_json":{"title":"Tiskre ja Kakum\u00e4e vahele tuleb sild","description":"K\u00e4esoleval n\u00e4dalal alustati Tiskre oja purde ning jalgtee rajamisega. Kakum\u00e4e ja Tiskre piirile tulev jalgtee loob v\u00f5imaluse minna otse \u00fcle Tiskre oja R\u00e4ime t\u00e4navalt Roostiku t\u00e4navale.","robots":{"index":"index","follow":"follow","max-snippet":"max-snippet:-1","max-image-preview":"max-image-preview:large","max-video-preview":"max-video-preview:-1"},"canonical":"https:\/\/invego.ee\/tiskreoja\/blogi\/tiskre-ja-kakumae-vahele-tuleb-sild\/","og_locale":"et_EE","og_type":"article","og_title":"Tiskre ja Kakum\u00e4e vahele tuleb sild","og_description":"K\u00e4esoleval n\u00e4dalal alustati Tiskre oja purde ning jalgtee rajamisega. Kakum\u00e4e ja Tiskre piirile tulev jalgtee loob v\u00f5imaluse minna otse \u00fcle Tiskre oja R\u00e4ime t\u00e4navalt Roostiku t\u00e4navale.","og_url":"https:\/\/invego.ee\/tiskreoja\/blogi\/tiskre-ja-kakumae-vahele-tuleb-sild\/","og_site_name":"Tiskreoja - loome tulevikustandardi","article_published_time":"2019-10-16T12:18:59+00:00","article_modified_time":"2019-10-16T12:19:00+00:00","og_image":[{"width":1200,"height":630,"url":"https:\/\/invego.ee\/tiskreoja\/wp-content\/uploads\/2019\/10\/purre.jpg","type":"image\/jpeg"}],"author":"Heiki","twitter_card":"summary_large_image","schema":{"@context":"https:\/\/schema.org","@graph":[{"@type":"Article","@id":"https:\/\/invego.ee\/tiskreoja\/blogi\/tiskre-ja-kakumae-vahele-tuleb-sild\/#article","isPartOf":{"@id":"https:\/\/invego.ee\/tiskreoja\/blogi\/tiskre-ja-kakumae-vahele-tuleb-sild\/"},"author":{"name":"Heiki","@id":"https:\/\/invego.ee\/tiskreoja\/#\/schema\/person\/aca914387bb0fd8e6e188a9c2ae929d3"},"headline":"Tiskre ja Kakum\u00e4e vahele tuleb sild","datePublished":"2019-10-16T12:18:59+00:00","dateModified":"2019-10-16T12:19:00+00:00","mainEntityOfPage":{"@id":"https:\/\/invego.ee\/tiskreoja\/blogi\/tiskre-ja-kakumae-vahele-tuleb-sild\/"},"wordCount":142,"commentCount":0,"publisher":{"@id":"https:\/\/invego.ee\/tiskreoja\/#organization"},"image":{"@id":"https:\/\/invego.ee\/tiskreoja\/blogi\/tiskre-ja-kakumae-vahele-tuleb-sild\/#primaryimage"},"thumbnailUrl":"https:\/\/invego.ee\/tiskreoja\/wp-content\/uploads\/2019\/10\/purre.jpg","articleSection":["Blogi"],"inLanguage":"et","potentialAction":[{"@type":"CommentAction","name":"Comment","target":["https:\/\/invego.ee\/tiskreoja\/blogi\/tiskre-ja-kakumae-vahele-tuleb-sild\/#respond"]}]},{"@type":"WebPage","@id":"https:\/\/invego.ee\/tiskreoja\/blogi\/tiskre-ja-kakumae-vahele-tuleb-sild\/","url":"https:\/\/invego.ee\/tiskreoja\/blogi\/tiskre-ja-kakumae-vahele-tuleb-sild\/","name":"Tiskre ja Kakum\u00e4e vahele tuleb sild","isPartOf":{"@id":"https:\/\/invego.ee\/tiskreoja\/#website"},"primaryImageOfPage":{"@id":"https:\/\/invego.ee\/tiskreoja\/blogi\/tiskre-ja-kakumae-vahele-tuleb-sild\/#primaryimage"},"image":{"@id":"https:\/\/invego.ee\/tiskreoja\/blogi\/tiskre-ja-kakumae-vahele-tuleb-sild\/#primaryimage"},"thumbnailUrl":"https:\/\/invego.ee\/tiskreoja\/wp-content\/uploads\/2019\/10\/purre.jpg","datePublished":"2019-10-16T12:18:59+00:00","dateModified":"2019-10-16T12:19:00+00:00","description":"K\u00e4esoleval n\u00e4dalal alustati Tiskre oja purde ning jalgtee rajamisega. Kakum\u00e4e ja Tiskre piirile tulev jalgtee loob v\u00f5imaluse minna otse \u00fcle Tiskre oja R\u00e4ime t\u00e4navalt Roostiku t\u00e4navale.","breadcrumb":{"@id":"https:\/\/invego.ee\/tiskreoja\/blogi\/tiskre-ja-kakumae-vahele-tuleb-sild\/#breadcrumb"},"inLanguage":"et","potentialAction":[{"@type":"ReadAction","target":["https:\/\/invego.ee\/tiskreoja\/blogi\/tiskre-ja-kakumae-vahele-tuleb-sild\/"]}]},{"@type":"ImageObject","inLanguage":"et","@id":"https:\/\/invego.ee\/tiskreoja\/blogi\/tiskre-ja-kakumae-vahele-tuleb-sild\/#primaryimage","url":"https:\/\/invego.ee\/tiskreoja\/wp-content\/uploads\/2019\/10\/purre.jpg","contentUrl":"https:\/\/invego.ee\/tiskreoja\/wp-content\/uploads\/2019\/10\/purre.jpg","width":1200,"height":630},{"@type":"BreadcrumbList","@id":"https:\/\/invego.ee\/tiskreoja\/blogi\/tiskre-ja-kakumae-vahele-tuleb-sild\/#breadcrumb","itemListElement":[{"@type":"ListItem","position":1,"name":"Home","item":"https:\/\/invego.ee\/tiskreoja\/"},{"@type":"ListItem","position":2,"name":"Tiskre ja Kakum\u00e4e vahele tuleb sild"}]},{"@type":"WebSite","@id":"https:\/\/invego.ee\/tiskreoja\/#website","url":"https:\/\/invego.ee\/tiskreoja\/","name":"Tiskreoja - loome tulevikustandardi","description":"Tiskreoja on terviklik tuleviku elukeskkond \u00fcmbritsetud roheluse ja rohkete vaba aja veetmise v\u00f5imalustega.","publisher":{"@id":"https:\/\/invego.ee\/tiskreoja\/#organization"},"potentialAction":[{"@type":"SearchAction","target":{"@type":"EntryPoint","urlTemplate":"https:\/\/invego.ee\/tiskreoja\/?s={search_term_string}"},"query-input":{"@type":"PropertyValueSpecification","valueRequired":true,"valueName":"search_term_string"}}],"inLanguage":"et"},{"@type":"Organization","@id":"https:\/\/invego.ee\/tiskreoja\/#organization","name":"Tiskreoja - loome tulevikustandardi","url":"https:\/\/invego.ee\/tiskreoja\/","logo":{"@type":"ImageObject","inLanguage":"et","@id":"https:\/\/invego.ee\/tiskreoja\/#\/schema\/logo\/image\/","url":"https:\/\/invego.ee\/tiskreoja\/wp-content\/uploads\/2025\/04\/tiskreoja_logo_oranz.svg","contentUrl":"https:\/\/invego.ee\/tiskreoja\/wp-content\/uploads\/2025\/04\/tiskreoja_logo_oranz.svg","width":157,"height":157,"caption":"Tiskreoja - loome tulevikustandardi"},"image":{"@id":"https:\/\/invego.ee\/tiskreoja\/#\/schema\/logo\/image\/"}},{"@type":"Person","@id":"https:\/\/invego.ee\/tiskreoja\/#\/schema\/person\/aca914387bb0fd8e6e188a9c2ae929d3","name":"Heiki","image":{"@type":"ImageObject","inLanguage":"et","@id":"https:\/\/invego.ee\/tiskreoja\/#\/schema\/person\/image\/","url":"https:\/\/secure.gravatar.com\/avatar\/990f9aa7368b73f6d16c412f6ee08af054eacc4697e3e1b28821ad1a5f6cb6c7?s=96&d=mm&r=g","contentUrl":"https:\/\/secure.gravatar.com\/avatar\/990f9aa7368b73f6d16c412f6ee08af054eacc4697e3e1b28821ad1a5f6cb6c7?s=96&d=mm&r=g","caption":"Heiki"}}]}},"author_meta":{"display_name":"Heiki","author_link":"https:\/\/invego.ee\/tiskreoja\/author\/heiki\/"},"featured_img":"https:\/\/invego.ee\/tiskreoja\/wp-content\/uploads\/2019\/10\/purre-250x131.jpg","coauthors":[],"tax_additional":{"categories":{"linked":["<a href=\"https:\/\/invego.ee\/tiskreoja\/blogi\/\" class=\"advgb-post-tax-term\">Blogi<\/a>"],"unlinked":["<span class=\"advgb-post-tax-term\">Blogi<\/span>"]}},"comment_count":"0","relative_dates":{"created":"Posted 7 aastat ago","modified":"Updated 7 aastat ago"},"absolute_dates":{"created":"Posted on oktoober 16, 2019","modified":"Updated on oktoober 16, 2019"},"absolute_dates_time":{"created":"Posted on oktoober 16, 2019 3:18 p.l.","modified":"Updated on oktoober 16, 2019 3:19 p.l."},"featured_img_caption":"","series_order":"","_links":{"self":[{"href":"https:\/\/invego.ee\/tiskreoja\/wp-json\/wp\/v2\/posts\/3143","targetHints":{"allow":["GET"]}}],"collection":[{"href":"https:\/\/invego.ee\/tiskreoja\/wp-json\/wp\/v2\/posts"}],"about":[{"href":"https:\/\/invego.ee\/tiskreoja\/wp-json\/wp\/v2\/types\/post"}],"author":[{"embeddable":true,"href":"https:\/\/invego.ee\/tiskreoja\/wp-json\/wp\/v2\/users\/5"}],"replies":[{"embeddable":true,"href":"https:\/\/invego.ee\/tiskreoja\/wp-json\/wp\/v2\/comments?post=3143"}],"version-history":[{"count":2,"href":"https:\/\/invego.ee\/tiskreoja\/wp-json\/wp\/v2\/posts\/3143\/revisions"}],"predecessor-version":[{"id":3148,"href":"https:\/\/invego.ee\/tiskreoja\/wp-json\/wp\/v2\/posts\/3143\/revisions\/3148"}],"wp:featuredmedia":[{"embeddable":true,"href":"https:\/\/invego.ee\/tiskreoja\/wp-json\/wp\/v2\/media\/3144"}],"wp:attachment":[{"href":"https:\/\/invego.ee\/tiskreoja\/wp-json\/wp\/v2\/media?parent=3143"}],"wp:term":[{"taxonomy":"category","embeddable":true,"href":"https:\/\/invego.ee\/tiskreoja\/wp-json\/wp\/v2\/categories?post=3143"},{"taxonomy":"post_tag","embeddable":true,"href":"https:\/\/invego.ee\/tiskreoja\/wp-json\/wp\/v2\/tags?post=3143"}],"curies":[{"name":"wp","href":"https:\/\/api.w.org\/{rel}","templated":true}]}}