{"id":2433,"date":"2019-07-11T08:01:52","date_gmt":"2019-07-11T08:01:52","guid":{"rendered":"https:\/\/invego.ee\/tiskreoja\/?p=2433"},"modified":"2019-08-09T11:02:42","modified_gmt":"2019-08-09T08:02:42","slug":"kuum-kaup-harku-valla-suurimas-elamuarenduses-muudi-kiirelt-60-korterit","status":"publish","type":"post","link":"https:\/\/invego.ee\/tiskreoja\/blogi\/kuum-kaup-harku-valla-suurimas-elamuarenduses-muudi-kiirelt-60-korterit\/","title":{"rendered":"Kuum kaup: Harku valla suurimas elamuarenduses m\u00fc\u00fcdi kiirelt 60 korterit"},"content":{"rendered":"\n<p><strong>V\u00e4hem kui kolm kuud p\u00e4rast eelm\u00fc\u00fcgi algust on Tallinna linna ja Harku valla piirile kerkiva Tiskreoja elurajoonis uue omaniku leidnud juba 60 korterit. Tiskreoja esimeste majade ehitus algab suve l\u00f5pus ja need valmivad j\u00e4rgmise aasta juuniks.<\/strong><\/p>\n<p>\u201cTundub, et oleme Tiskreojas inimeste ootusi h\u00e4sti tabanud \u2013 moodne arhitektuur koos suurte akende ja avarate r\u00f5dudega, aga ka olulised kaasaegsed mugavused nagu lift, lisaisolatsioon korterite vahel ja panipaigad igale kodule ning seda k\u00f5ike v\u00e4gagi m\u00f5istliku hinnaga,\u201d loetles elurajooni arendava Invego juht Kristjan-Thor V\u00e4hi ning r\u00f5hutas, et Tiskreoja v\u00e4ga olulised tugevused on ka mahukas haljastus ning rohked sportimise ja vaba aja veetmise v\u00f5imalused.<\/p>\n<p>\u00dcks kiiret m\u00fc\u00fcki soosiv faktor on V\u00e4hi s\u00f5nul ka pidev ehitushindade t\u00f5us. \u201cInimesed on aru saanud, et odavamaks asjad ei l\u00e4he ning kui neile juba miski meeldima on hakanud, siis tahavad nad ka esimesel v\u00f5imalusel kauba lukku l\u00fc\u00fca,\u201d kommenteeris ta levinud arusaama, et iga uus projekt v\u00f5i olemasoleva projekt uut etapp on eelmisest j\u00e4lle veidi kallim.<\/p>\n<p>Just taskukohane hind on V\u00e4hi kinnitusel see, mis on v\u00f5imaldanud paljudel noortel peredel vaadata ka nelja- ja viietoalisi kortereid. \u201cKui esimese nelja maja viietoalised korterid on k\u00f5ik t\u00e4naseks juba omaniku leidnud, siis neljatoalisi on veel paar t\u00fckki soodsa 149 900 eurose hinnaga m\u00fc\u00fcgis,\u201d selgitas ta, et keskmiselt on 4-toalises ligi 80 ruutmeetrit, millele lisaks on ligi 10 ruutmeetrit r\u00f5dupinda. V\u00e4hi lisas, et kindlasti on argument ostmiseks olnud ka praegusel tutvumisperioodil kuni juuni l\u00f5puni korteriga kaasa antav tasuta parkimiskoht.<\/p>\n<p>Kokku rajab Invego 12 hektarile 20 madalat, kuni 3-korruselist hoonet 400 korteriga, kus esimesed kodud on kavas valmis saada j\u00e4rgmiseks s\u00fcgiseks. Tiskreoja elurajooni juurde tulevad kodupood ja kohvik, co-working ruumid, kogu perele mitmek\u00fclgsed vaba aja veetmise ja sportimise v\u00f5imalused nagu tervisekilomeeter, rulapark, pallim\u00e4nguv\u00e4ljakud ja suur laste m\u00e4nguala.<\/p>\n","protected":false},"excerpt":{"rendered":"","protected":false},"author":2,"featured_media":2761,"comment_status":"open","ping_status":"open","sticky":false,"template":"","format":"standard","meta":{"_acf_changed":false,"inline_featured_image":false,"advgb_blocks_editor_width":"","advgb_blocks_columns_visual_guide":"","_exactmetrics_skip_tracking":false,"_exactmetrics_sitenote_active":false,"_exactmetrics_sitenote_note":"","_exactmetrics_sitenote_category":0,"footnotes":""},"categories":[4],"tags":[],"class_list":["post-2433","post","type-post","status-publish","format-standard","has-post-thumbnail","hentry","category-blogi"],"acf":[],"yoast_head":"<!-- This site is optimized with the Yoast SEO plugin v24.9 - https:\/\/yoast.com\/wordpress\/plugins\/seo\/ -->\n<title>Kuum kaup: Harku valla suurimas elamuarenduses m\u00fc\u00fcdi kiirelt 60 korterit<\/title>\n<meta name=\"robots\" content=\"index, follow, max-snippet:-1, max-image-preview:large, max-video-preview:-1\" \/>\n<link rel=\"canonical\" href=\"https:\/\/invego.ee\/tiskreoja\/blogi\/kuum-kaup-harku-valla-suurimas-elamuarenduses-muudi-kiirelt-60-korterit\/\" \/>\n<meta property=\"og:locale\" content=\"et_EE\" \/>\n<meta property=\"og:type\" content=\"article\" \/>\n<meta property=\"og:title\" content=\"Kuum kaup: Harku valla suurimas elamuarenduses m\u00fc\u00fcdi kiirelt 60 korterit\" \/>\n<meta property=\"og:url\" content=\"https:\/\/invego.ee\/tiskreoja\/blogi\/kuum-kaup-harku-valla-suurimas-elamuarenduses-muudi-kiirelt-60-korterit\/\" \/>\n<meta property=\"og:site_name\" content=\"Tiskreoja - loome tulevikustandardi\" \/>\n<meta property=\"article:published_time\" content=\"2019-07-11T08:01:52+00:00\" \/>\n<meta property=\"article:modified_time\" content=\"2019-08-09T08:02:42+00:00\" \/>\n<meta property=\"og:image\" content=\"https:\/\/invego.ee\/tiskreoja\/wp-content\/uploads\/2019\/06\/Tiskreoja-linnulennu-vaade-crop-min-1-min-1.jpg\" \/>\n\t<meta property=\"og:image:width\" content=\"1280\" \/>\n\t<meta property=\"og:image:height\" content=\"853\" \/>\n\t<meta property=\"og:image:type\" content=\"image\/jpeg\" \/>\n<meta name=\"author\" content=\"reaktiiv-ti\" \/>\n<meta name=\"twitter:card\" content=\"summary_large_image\" \/>\n<script type=\"application\/ld+json\" class=\"yoast-schema-graph\">{\"@context\":\"https:\/\/schema.org\",\"@graph\":[{\"@type\":\"Article\",\"@id\":\"https:\/\/invego.ee\/tiskreoja\/blogi\/kuum-kaup-harku-valla-suurimas-elamuarenduses-muudi-kiirelt-60-korterit\/#article\",\"isPartOf\":{\"@id\":\"https:\/\/invego.ee\/tiskreoja\/blogi\/kuum-kaup-harku-valla-suurimas-elamuarenduses-muudi-kiirelt-60-korterit\/\"},\"author\":{\"name\":\"reaktiiv-ti\",\"@id\":\"https:\/\/invego.ee\/tiskreoja\/#\/schema\/person\/80c7ffefba6ac2406a055135303ff7ae\"},\"headline\":\"Kuum kaup: Harku valla suurimas elamuarenduses m\u00fc\u00fcdi kiirelt 60 korterit\",\"datePublished\":\"2019-07-11T08:01:52+00:00\",\"dateModified\":\"2019-08-09T08:02:42+00:00\",\"mainEntityOfPage\":{\"@id\":\"https:\/\/invego.ee\/tiskreoja\/blogi\/kuum-kaup-harku-valla-suurimas-elamuarenduses-muudi-kiirelt-60-korterit\/\"},\"wordCount\":320,\"commentCount\":0,\"publisher\":{\"@id\":\"https:\/\/invego.ee\/tiskreoja\/#organization\"},\"image\":{\"@id\":\"https:\/\/invego.ee\/tiskreoja\/blogi\/kuum-kaup-harku-valla-suurimas-elamuarenduses-muudi-kiirelt-60-korterit\/#primaryimage\"},\"thumbnailUrl\":\"https:\/\/invego.ee\/tiskreoja\/wp-content\/uploads\/2019\/06\/Tiskreoja-linnulennu-vaade-crop-min-1-min-1.jpg\",\"articleSection\":[\"Blogi\"],\"inLanguage\":\"et\",\"potentialAction\":[{\"@type\":\"CommentAction\",\"name\":\"Comment\",\"target\":[\"https:\/\/invego.ee\/tiskreoja\/blogi\/kuum-kaup-harku-valla-suurimas-elamuarenduses-muudi-kiirelt-60-korterit\/#respond\"]}]},{\"@type\":\"WebPage\",\"@id\":\"https:\/\/invego.ee\/tiskreoja\/blogi\/kuum-kaup-harku-valla-suurimas-elamuarenduses-muudi-kiirelt-60-korterit\/\",\"url\":\"https:\/\/invego.ee\/tiskreoja\/blogi\/kuum-kaup-harku-valla-suurimas-elamuarenduses-muudi-kiirelt-60-korterit\/\",\"name\":\"Kuum kaup: Harku valla suurimas elamuarenduses m\u00fc\u00fcdi kiirelt 60 korterit\",\"isPartOf\":{\"@id\":\"https:\/\/invego.ee\/tiskreoja\/#website\"},\"primaryImageOfPage\":{\"@id\":\"https:\/\/invego.ee\/tiskreoja\/blogi\/kuum-kaup-harku-valla-suurimas-elamuarenduses-muudi-kiirelt-60-korterit\/#primaryimage\"},\"image\":{\"@id\":\"https:\/\/invego.ee\/tiskreoja\/blogi\/kuum-kaup-harku-valla-suurimas-elamuarenduses-muudi-kiirelt-60-korterit\/#primaryimage\"},\"thumbnailUrl\":\"https:\/\/invego.ee\/tiskreoja\/wp-content\/uploads\/2019\/06\/Tiskreoja-linnulennu-vaade-crop-min-1-min-1.jpg\",\"datePublished\":\"2019-07-11T08:01:52+00:00\",\"dateModified\":\"2019-08-09T08:02:42+00:00\",\"breadcrumb\":{\"@id\":\"https:\/\/invego.ee\/tiskreoja\/blogi\/kuum-kaup-harku-valla-suurimas-elamuarenduses-muudi-kiirelt-60-korterit\/#breadcrumb\"},\"inLanguage\":\"et\",\"potentialAction\":[{\"@type\":\"ReadAction\",\"target\":[\"https:\/\/invego.ee\/tiskreoja\/blogi\/kuum-kaup-harku-valla-suurimas-elamuarenduses-muudi-kiirelt-60-korterit\/\"]}]},{\"@type\":\"ImageObject\",\"inLanguage\":\"et\",\"@id\":\"https:\/\/invego.ee\/tiskreoja\/blogi\/kuum-kaup-harku-valla-suurimas-elamuarenduses-muudi-kiirelt-60-korterit\/#primaryimage\",\"url\":\"https:\/\/invego.ee\/tiskreoja\/wp-content\/uploads\/2019\/06\/Tiskreoja-linnulennu-vaade-crop-min-1-min-1.jpg\",\"contentUrl\":\"https:\/\/invego.ee\/tiskreoja\/wp-content\/uploads\/2019\/06\/Tiskreoja-linnulennu-vaade-crop-min-1-min-1.jpg\",\"width\":1280,\"height\":853},{\"@type\":\"BreadcrumbList\",\"@id\":\"https:\/\/invego.ee\/tiskreoja\/blogi\/kuum-kaup-harku-valla-suurimas-elamuarenduses-muudi-kiirelt-60-korterit\/#breadcrumb\",\"itemListElement\":[{\"@type\":\"ListItem\",\"position\":1,\"name\":\"Home\",\"item\":\"https:\/\/invego.ee\/tiskreoja\/\"},{\"@type\":\"ListItem\",\"position\":2,\"name\":\"Kuum kaup: Harku valla suurimas elamuarenduses m\u00fc\u00fcdi kiirelt 60 korterit\"}]},{\"@type\":\"WebSite\",\"@id\":\"https:\/\/invego.ee\/tiskreoja\/#website\",\"url\":\"https:\/\/invego.ee\/tiskreoja\/\",\"name\":\"Tiskreoja - loome tulevikustandardi\",\"description\":\"Tiskreoja on terviklik tuleviku elukeskkond \u00fcmbritsetud roheluse ja rohkete vaba aja veetmise v\u00f5imalustega.\",\"publisher\":{\"@id\":\"https:\/\/invego.ee\/tiskreoja\/#organization\"},\"potentialAction\":[{\"@type\":\"SearchAction\",\"target\":{\"@type\":\"EntryPoint\",\"urlTemplate\":\"https:\/\/invego.ee\/tiskreoja\/?s={search_term_string}\"},\"query-input\":{\"@type\":\"PropertyValueSpecification\",\"valueRequired\":true,\"valueName\":\"search_term_string\"}}],\"inLanguage\":\"et\"},{\"@type\":\"Organization\",\"@id\":\"https:\/\/invego.ee\/tiskreoja\/#organization\",\"name\":\"Tiskreoja - loome tulevikustandardi\",\"url\":\"https:\/\/invego.ee\/tiskreoja\/\",\"logo\":{\"@type\":\"ImageObject\",\"inLanguage\":\"et\",\"@id\":\"https:\/\/invego.ee\/tiskreoja\/#\/schema\/logo\/image\/\",\"url\":\"https:\/\/invego.ee\/tiskreoja\/wp-content\/uploads\/2025\/04\/tiskreoja_logo_oranz.svg\",\"contentUrl\":\"https:\/\/invego.ee\/tiskreoja\/wp-content\/uploads\/2025\/04\/tiskreoja_logo_oranz.svg\",\"width\":157,\"height\":157,\"caption\":\"Tiskreoja - loome tulevikustandardi\"},\"image\":{\"@id\":\"https:\/\/invego.ee\/tiskreoja\/#\/schema\/logo\/image\/\"}},{\"@type\":\"Person\",\"@id\":\"https:\/\/invego.ee\/tiskreoja\/#\/schema\/person\/80c7ffefba6ac2406a055135303ff7ae\",\"name\":\"reaktiiv-ti\",\"image\":{\"@type\":\"ImageObject\",\"inLanguage\":\"et\",\"@id\":\"https:\/\/invego.ee\/tiskreoja\/#\/schema\/person\/image\/\",\"url\":\"https:\/\/secure.gravatar.com\/avatar\/086706b90d60fde358da496b1a20e51645a04b899cac29656649ff0aa4c3e765?s=96&d=mm&r=g\",\"contentUrl\":\"https:\/\/secure.gravatar.com\/avatar\/086706b90d60fde358da496b1a20e51645a04b899cac29656649ff0aa4c3e765?s=96&d=mm&r=g\",\"caption\":\"reaktiiv-ti\"}}]}<\/script>\n<!-- \/ Yoast SEO plugin. -->","yoast_head_json":{"title":"Kuum kaup: Harku valla suurimas elamuarenduses m\u00fc\u00fcdi kiirelt 60 korterit","robots":{"index":"index","follow":"follow","max-snippet":"max-snippet:-1","max-image-preview":"max-image-preview:large","max-video-preview":"max-video-preview:-1"},"canonical":"https:\/\/invego.ee\/tiskreoja\/blogi\/kuum-kaup-harku-valla-suurimas-elamuarenduses-muudi-kiirelt-60-korterit\/","og_locale":"et_EE","og_type":"article","og_title":"Kuum kaup: Harku valla suurimas elamuarenduses m\u00fc\u00fcdi kiirelt 60 korterit","og_url":"https:\/\/invego.ee\/tiskreoja\/blogi\/kuum-kaup-harku-valla-suurimas-elamuarenduses-muudi-kiirelt-60-korterit\/","og_site_name":"Tiskreoja - loome tulevikustandardi","article_published_time":"2019-07-11T08:01:52+00:00","article_modified_time":"2019-08-09T08:02:42+00:00","og_image":[{"width":1280,"height":853,"url":"https:\/\/invego.ee\/tiskreoja\/wp-content\/uploads\/2019\/06\/Tiskreoja-linnulennu-vaade-crop-min-1-min-1.jpg","type":"image\/jpeg"}],"author":"reaktiiv-ti","twitter_card":"summary_large_image","schema":{"@context":"https:\/\/schema.org","@graph":[{"@type":"Article","@id":"https:\/\/invego.ee\/tiskreoja\/blogi\/kuum-kaup-harku-valla-suurimas-elamuarenduses-muudi-kiirelt-60-korterit\/#article","isPartOf":{"@id":"https:\/\/invego.ee\/tiskreoja\/blogi\/kuum-kaup-harku-valla-suurimas-elamuarenduses-muudi-kiirelt-60-korterit\/"},"author":{"name":"reaktiiv-ti","@id":"https:\/\/invego.ee\/tiskreoja\/#\/schema\/person\/80c7ffefba6ac2406a055135303ff7ae"},"headline":"Kuum kaup: Harku valla suurimas elamuarenduses m\u00fc\u00fcdi kiirelt 60 korterit","datePublished":"2019-07-11T08:01:52+00:00","dateModified":"2019-08-09T08:02:42+00:00","mainEntityOfPage":{"@id":"https:\/\/invego.ee\/tiskreoja\/blogi\/kuum-kaup-harku-valla-suurimas-elamuarenduses-muudi-kiirelt-60-korterit\/"},"wordCount":320,"commentCount":0,"publisher":{"@id":"https:\/\/invego.ee\/tiskreoja\/#organization"},"image":{"@id":"https:\/\/invego.ee\/tiskreoja\/blogi\/kuum-kaup-harku-valla-suurimas-elamuarenduses-muudi-kiirelt-60-korterit\/#primaryimage"},"thumbnailUrl":"https:\/\/invego.ee\/tiskreoja\/wp-content\/uploads\/2019\/06\/Tiskreoja-linnulennu-vaade-crop-min-1-min-1.jpg","articleSection":["Blogi"],"inLanguage":"et","potentialAction":[{"@type":"CommentAction","name":"Comment","target":["https:\/\/invego.ee\/tiskreoja\/blogi\/kuum-kaup-harku-valla-suurimas-elamuarenduses-muudi-kiirelt-60-korterit\/#respond"]}]},{"@type":"WebPage","@id":"https:\/\/invego.ee\/tiskreoja\/blogi\/kuum-kaup-harku-valla-suurimas-elamuarenduses-muudi-kiirelt-60-korterit\/","url":"https:\/\/invego.ee\/tiskreoja\/blogi\/kuum-kaup-harku-valla-suurimas-elamuarenduses-muudi-kiirelt-60-korterit\/","name":"Kuum kaup: Harku valla suurimas elamuarenduses m\u00fc\u00fcdi kiirelt 60 korterit","isPartOf":{"@id":"https:\/\/invego.ee\/tiskreoja\/#website"},"primaryImageOfPage":{"@id":"https:\/\/invego.ee\/tiskreoja\/blogi\/kuum-kaup-harku-valla-suurimas-elamuarenduses-muudi-kiirelt-60-korterit\/#primaryimage"},"image":{"@id":"https:\/\/invego.ee\/tiskreoja\/blogi\/kuum-kaup-harku-valla-suurimas-elamuarenduses-muudi-kiirelt-60-korterit\/#primaryimage"},"thumbnailUrl":"https:\/\/invego.ee\/tiskreoja\/wp-content\/uploads\/2019\/06\/Tiskreoja-linnulennu-vaade-crop-min-1-min-1.jpg","datePublished":"2019-07-11T08:01:52+00:00","dateModified":"2019-08-09T08:02:42+00:00","breadcrumb":{"@id":"https:\/\/invego.ee\/tiskreoja\/blogi\/kuum-kaup-harku-valla-suurimas-elamuarenduses-muudi-kiirelt-60-korterit\/#breadcrumb"},"inLanguage":"et","potentialAction":[{"@type":"ReadAction","target":["https:\/\/invego.ee\/tiskreoja\/blogi\/kuum-kaup-harku-valla-suurimas-elamuarenduses-muudi-kiirelt-60-korterit\/"]}]},{"@type":"ImageObject","inLanguage":"et","@id":"https:\/\/invego.ee\/tiskreoja\/blogi\/kuum-kaup-harku-valla-suurimas-elamuarenduses-muudi-kiirelt-60-korterit\/#primaryimage","url":"https:\/\/invego.ee\/tiskreoja\/wp-content\/uploads\/2019\/06\/Tiskreoja-linnulennu-vaade-crop-min-1-min-1.jpg","contentUrl":"https:\/\/invego.ee\/tiskreoja\/wp-content\/uploads\/2019\/06\/Tiskreoja-linnulennu-vaade-crop-min-1-min-1.jpg","width":1280,"height":853},{"@type":"BreadcrumbList","@id":"https:\/\/invego.ee\/tiskreoja\/blogi\/kuum-kaup-harku-valla-suurimas-elamuarenduses-muudi-kiirelt-60-korterit\/#breadcrumb","itemListElement":[{"@type":"ListItem","position":1,"name":"Home","item":"https:\/\/invego.ee\/tiskreoja\/"},{"@type":"ListItem","position":2,"name":"Kuum kaup: Harku valla suurimas elamuarenduses m\u00fc\u00fcdi kiirelt 60 korterit"}]},{"@type":"WebSite","@id":"https:\/\/invego.ee\/tiskreoja\/#website","url":"https:\/\/invego.ee\/tiskreoja\/","name":"Tiskreoja - loome tulevikustandardi","description":"Tiskreoja on terviklik tuleviku elukeskkond \u00fcmbritsetud roheluse ja rohkete vaba aja veetmise v\u00f5imalustega.","publisher":{"@id":"https:\/\/invego.ee\/tiskreoja\/#organization"},"potentialAction":[{"@type":"SearchAction","target":{"@type":"EntryPoint","urlTemplate":"https:\/\/invego.ee\/tiskreoja\/?s={search_term_string}"},"query-input":{"@type":"PropertyValueSpecification","valueRequired":true,"valueName":"search_term_string"}}],"inLanguage":"et"},{"@type":"Organization","@id":"https:\/\/invego.ee\/tiskreoja\/#organization","name":"Tiskreoja - loome tulevikustandardi","url":"https:\/\/invego.ee\/tiskreoja\/","logo":{"@type":"ImageObject","inLanguage":"et","@id":"https:\/\/invego.ee\/tiskreoja\/#\/schema\/logo\/image\/","url":"https:\/\/invego.ee\/tiskreoja\/wp-content\/uploads\/2025\/04\/tiskreoja_logo_oranz.svg","contentUrl":"https:\/\/invego.ee\/tiskreoja\/wp-content\/uploads\/2025\/04\/tiskreoja_logo_oranz.svg","width":157,"height":157,"caption":"Tiskreoja - loome tulevikustandardi"},"image":{"@id":"https:\/\/invego.ee\/tiskreoja\/#\/schema\/logo\/image\/"}},{"@type":"Person","@id":"https:\/\/invego.ee\/tiskreoja\/#\/schema\/person\/80c7ffefba6ac2406a055135303ff7ae","name":"reaktiiv-ti","image":{"@type":"ImageObject","inLanguage":"et","@id":"https:\/\/invego.ee\/tiskreoja\/#\/schema\/person\/image\/","url":"https:\/\/secure.gravatar.com\/avatar\/086706b90d60fde358da496b1a20e51645a04b899cac29656649ff0aa4c3e765?s=96&d=mm&r=g","contentUrl":"https:\/\/secure.gravatar.com\/avatar\/086706b90d60fde358da496b1a20e51645a04b899cac29656649ff0aa4c3e765?s=96&d=mm&r=g","caption":"reaktiiv-ti"}}]}},"author_meta":{"display_name":"reaktiiv-ti","author_link":"https:\/\/invego.ee\/tiskreoja\/author\/reaktiiv-ti\/"},"featured_img":"https:\/\/invego.ee\/tiskreoja\/wp-content\/uploads\/2019\/06\/Tiskreoja-linnulennu-vaade-crop-min-1-min-1-250x167.jpg","coauthors":[],"tax_additional":{"categories":{"linked":["<a href=\"https:\/\/invego.ee\/tiskreoja\/blogi\/\" class=\"advgb-post-tax-term\">Blogi<\/a>"],"unlinked":["<span class=\"advgb-post-tax-term\">Blogi<\/span>"]}},"comment_count":"0","relative_dates":{"created":"Posted 7 aastat ago","modified":"Updated 7 aastat ago"},"absolute_dates":{"created":"Posted on juuli 11, 2019","modified":"Updated on august 9, 2019"},"absolute_dates_time":{"created":"Posted on juuli 11, 2019 8:01 e.l.","modified":"Updated on august 9, 2019 11:02 e.l."},"featured_img_caption":"","series_order":"","_links":{"self":[{"href":"https:\/\/invego.ee\/tiskreoja\/wp-json\/wp\/v2\/posts\/2433","targetHints":{"allow":["GET"]}}],"collection":[{"href":"https:\/\/invego.ee\/tiskreoja\/wp-json\/wp\/v2\/posts"}],"about":[{"href":"https:\/\/invego.ee\/tiskreoja\/wp-json\/wp\/v2\/types\/post"}],"author":[{"embeddable":true,"href":"https:\/\/invego.ee\/tiskreoja\/wp-json\/wp\/v2\/users\/2"}],"replies":[{"embeddable":true,"href":"https:\/\/invego.ee\/tiskreoja\/wp-json\/wp\/v2\/comments?post=2433"}],"version-history":[{"count":3,"href":"https:\/\/invego.ee\/tiskreoja\/wp-json\/wp\/v2\/posts\/2433\/revisions"}],"predecessor-version":[{"id":2924,"href":"https:\/\/invego.ee\/tiskreoja\/wp-json\/wp\/v2\/posts\/2433\/revisions\/2924"}],"wp:featuredmedia":[{"embeddable":true,"href":"https:\/\/invego.ee\/tiskreoja\/wp-json\/wp\/v2\/media\/2761"}],"wp:attachment":[{"href":"https:\/\/invego.ee\/tiskreoja\/wp-json\/wp\/v2\/media?parent=2433"}],"wp:term":[{"taxonomy":"category","embeddable":true,"href":"https:\/\/invego.ee\/tiskreoja\/wp-json\/wp\/v2\/categories?post=2433"},{"taxonomy":"post_tag","embeddable":true,"href":"https:\/\/invego.ee\/tiskreoja\/wp-json\/wp\/v2\/tags?post=2433"}],"curies":[{"name":"wp","href":"https:\/\/api.w.org\/{rel}","templated":true}]}}