{"id":11015,"date":"2023-11-10T13:29:24","date_gmt":"2023-11-10T11:29:24","guid":{"rendered":"https:\/\/invego.ee\/tiskreoja\/?p=11015"},"modified":"2023-11-10T13:29:25","modified_gmt":"2023-11-10T11:29:25","slug":"kodu-invego-rajatud-elurajoonis-kuidas-loome-ja-kuidas-hoiame","status":"publish","type":"post","link":"https:\/\/invego.ee\/tiskreoja\/blogi\/kodu-invego-rajatud-elurajoonis-kuidas-loome-ja-kuidas-hoiame\/","title":{"rendered":"Kodu Invego rajatud elurajoonis: kuidas loome ja kuidas hoiame?"},"content":{"rendered":"\n<p><strong>Oleme inimestele kodu m\u00fc\u00fces andnud lubaduse luua neile terviklik, toimiv, ajas kestev ja v\u00e4\u00e4rtust kasvatav elurajoon. Meie kliendid on sinna kodu ostes sellega arvestanud ja nad usaldavad meid oma elu suurima investeeringu tegemisel. Me tunneme end vastutajana nende kinnisvara parima s\u00e4ilimise ja vara v\u00e4\u00e4rtuse kasvatamise osas. Siin on seitse sammu, kuidas me seda t\u00e4pselt teeme:<\/strong><\/p>\n\n\n\n<ul class=\"wp-block-list\"><li>K\u00f5igepealt loob Invego oma visiooni kodust ja keskkonnast, kus inimesed tulevikus elada tahavad.<\/li><li>Viime l\u00e4bi arhitektuurikonkursi, mille tulemusena valitud tipparhitektid arendavad visiooni edasi luues tervikliku elurajooni kontseptsiooni ning plaanilahendused.<\/li><li>Projekteerime ning koostame ehitushanke, et valida elurajoonile parim ehitaja. Tervikliku arenduse ehitus v\u00f5tab mitmeid aastaid ning hooned valmivad eri etappides.<\/li><li>Juba enne esimeste hoonete valmimist korraldame kogu arendusele haldusfirma v\u00e4ljavalimise hanke perioodiks, mis tagab parimate tingimustega haldusteenuse viimasena valminud maja garantiiperioodi l\u00f5puni.<\/li><li>Kui elurajoon on l\u00f5plikult valmis ja nii-\u00f6elda sisse elanud, siis on edasised otsused ainult ja ainult elanike endi k\u00e4tes. Kui \u00fchel p\u00e4eval otsustavad k\u00f5ik \u00fchistud, et neil on olemas senisest parem viis oma kodukoha korras hoidmiseks, siis on see nende vaba valik.<\/li><li>Kuna elurajoon koosneb mitmest omavahel koos toimivast eri kinnistust ja paljudest eri ajal valmivatest hoonetest, siis oleme algusest peale l\u00e4bi m\u00f5elnud, kuidas teenused oleksid tagatud k\u00f5igile v\u00f5rdselt ja esimesest p\u00e4evast alates.<\/li><li>Suur pilt ei sisalda ainult maju ja teid, vaid n\u00e4iteks ka haljastuslahenduse toimima saamist, mis v\u00f5tab v\u00e4hemalt paar-kolm aastat ning sama pikal perioodil tuleb tagada ka elanike vajadusi tagavate agregaatide hooldus ja j\u00e4relevalve tootjapoolse garantii perioodil.<\/li><\/ul>\n\n\n\n<p>Terviklikku elurajooni arendades on Invego kohus anda selle k\u00f5igile elanikele kindlustunne, et nende vara on heades k\u00e4tes ja selle v\u00e4\u00e4rtus ajas kasvab. Kui k\u00f5ik eelpool kirjeldatud sammud on ellu viidud, siis saame olla veendunud, et oleme oma kohuse t\u00e4itnud.<\/p>\n","protected":false},"excerpt":{"rendered":"","protected":false},"author":2,"featured_media":11016,"comment_status":"closed","ping_status":"closed","sticky":false,"template":"","format":"standard","meta":{"_acf_changed":false,"inline_featured_image":false,"advgb_blocks_editor_width":"","advgb_blocks_columns_visual_guide":"","_exactmetrics_skip_tracking":false,"_exactmetrics_sitenote_active":false,"_exactmetrics_sitenote_note":"","_exactmetrics_sitenote_category":0,"footnotes":""},"categories":[4],"tags":[],"class_list":["post-11015","post","type-post","status-publish","format-standard","has-post-thumbnail","hentry","category-blogi"],"acf":[],"yoast_head":"<!-- This site is optimized with the Yoast SEO plugin v24.9 - https:\/\/yoast.com\/wordpress\/plugins\/seo\/ -->\n<title>Kodu Invego rajatud elurajoonis: kuidas loome ja kuidas hoiame?<\/title>\n<meta name=\"robots\" content=\"index, follow, max-snippet:-1, max-image-preview:large, max-video-preview:-1\" \/>\n<link rel=\"canonical\" href=\"https:\/\/invego.ee\/tiskreoja\/blogi\/kodu-invego-rajatud-elurajoonis-kuidas-loome-ja-kuidas-hoiame\/\" \/>\n<meta property=\"og:locale\" content=\"et_EE\" \/>\n<meta property=\"og:type\" content=\"article\" \/>\n<meta property=\"og:title\" content=\"Kodu Invego rajatud elurajoonis: kuidas loome ja kuidas hoiame?\" \/>\n<meta property=\"og:url\" content=\"https:\/\/invego.ee\/tiskreoja\/blogi\/kodu-invego-rajatud-elurajoonis-kuidas-loome-ja-kuidas-hoiame\/\" \/>\n<meta property=\"og:site_name\" content=\"Tiskreoja - loome tulevikustandardi\" \/>\n<meta property=\"article:published_time\" content=\"2023-11-10T11:29:24+00:00\" \/>\n<meta property=\"article:modified_time\" content=\"2023-11-10T11:29:25+00:00\" \/>\n<meta property=\"og:image\" content=\"https:\/\/invego.ee\/tiskreoja\/wp-content\/uploads\/2023\/11\/TiksreOjaSummerSunset-14-min-scaled-1.jpg\" \/>\n\t<meta property=\"og:image:width\" content=\"2547\" \/>\n\t<meta property=\"og:image:height\" content=\"1431\" \/>\n\t<meta property=\"og:image:type\" content=\"image\/jpeg\" \/>\n<meta name=\"author\" content=\"reaktiiv-ti\" \/>\n<meta name=\"twitter:card\" content=\"summary_large_image\" \/>\n<script type=\"application\/ld+json\" class=\"yoast-schema-graph\">{\"@context\":\"https:\/\/schema.org\",\"@graph\":[{\"@type\":\"Article\",\"@id\":\"https:\/\/invego.ee\/tiskreoja\/blogi\/kodu-invego-rajatud-elurajoonis-kuidas-loome-ja-kuidas-hoiame\/#article\",\"isPartOf\":{\"@id\":\"https:\/\/invego.ee\/tiskreoja\/blogi\/kodu-invego-rajatud-elurajoonis-kuidas-loome-ja-kuidas-hoiame\/\"},\"author\":{\"name\":\"reaktiiv-ti\",\"@id\":\"https:\/\/invego.ee\/tiskreoja\/#\/schema\/person\/80c7ffefba6ac2406a055135303ff7ae\"},\"headline\":\"Kodu Invego rajatud elurajoonis: kuidas loome ja kuidas hoiame?\",\"datePublished\":\"2023-11-10T11:29:24+00:00\",\"dateModified\":\"2023-11-10T11:29:25+00:00\",\"mainEntityOfPage\":{\"@id\":\"https:\/\/invego.ee\/tiskreoja\/blogi\/kodu-invego-rajatud-elurajoonis-kuidas-loome-ja-kuidas-hoiame\/\"},\"wordCount\":312,\"publisher\":{\"@id\":\"https:\/\/invego.ee\/tiskreoja\/#organization\"},\"image\":{\"@id\":\"https:\/\/invego.ee\/tiskreoja\/blogi\/kodu-invego-rajatud-elurajoonis-kuidas-loome-ja-kuidas-hoiame\/#primaryimage\"},\"thumbnailUrl\":\"https:\/\/invego.ee\/tiskreoja\/wp-content\/uploads\/2023\/11\/TiksreOjaSummerSunset-14-min-scaled-1.jpg\",\"articleSection\":[\"Blogi\"],\"inLanguage\":\"et\"},{\"@type\":\"WebPage\",\"@id\":\"https:\/\/invego.ee\/tiskreoja\/blogi\/kodu-invego-rajatud-elurajoonis-kuidas-loome-ja-kuidas-hoiame\/\",\"url\":\"https:\/\/invego.ee\/tiskreoja\/blogi\/kodu-invego-rajatud-elurajoonis-kuidas-loome-ja-kuidas-hoiame\/\",\"name\":\"Kodu Invego rajatud elurajoonis: kuidas loome ja kuidas hoiame?\",\"isPartOf\":{\"@id\":\"https:\/\/invego.ee\/tiskreoja\/#website\"},\"primaryImageOfPage\":{\"@id\":\"https:\/\/invego.ee\/tiskreoja\/blogi\/kodu-invego-rajatud-elurajoonis-kuidas-loome-ja-kuidas-hoiame\/#primaryimage\"},\"image\":{\"@id\":\"https:\/\/invego.ee\/tiskreoja\/blogi\/kodu-invego-rajatud-elurajoonis-kuidas-loome-ja-kuidas-hoiame\/#primaryimage\"},\"thumbnailUrl\":\"https:\/\/invego.ee\/tiskreoja\/wp-content\/uploads\/2023\/11\/TiksreOjaSummerSunset-14-min-scaled-1.jpg\",\"datePublished\":\"2023-11-10T11:29:24+00:00\",\"dateModified\":\"2023-11-10T11:29:25+00:00\",\"breadcrumb\":{\"@id\":\"https:\/\/invego.ee\/tiskreoja\/blogi\/kodu-invego-rajatud-elurajoonis-kuidas-loome-ja-kuidas-hoiame\/#breadcrumb\"},\"inLanguage\":\"et\",\"potentialAction\":[{\"@type\":\"ReadAction\",\"target\":[\"https:\/\/invego.ee\/tiskreoja\/blogi\/kodu-invego-rajatud-elurajoonis-kuidas-loome-ja-kuidas-hoiame\/\"]}]},{\"@type\":\"ImageObject\",\"inLanguage\":\"et\",\"@id\":\"https:\/\/invego.ee\/tiskreoja\/blogi\/kodu-invego-rajatud-elurajoonis-kuidas-loome-ja-kuidas-hoiame\/#primaryimage\",\"url\":\"https:\/\/invego.ee\/tiskreoja\/wp-content\/uploads\/2023\/11\/TiksreOjaSummerSunset-14-min-scaled-1.jpg\",\"contentUrl\":\"https:\/\/invego.ee\/tiskreoja\/wp-content\/uploads\/2023\/11\/TiksreOjaSummerSunset-14-min-scaled-1.jpg\",\"width\":2547,\"height\":1431},{\"@type\":\"BreadcrumbList\",\"@id\":\"https:\/\/invego.ee\/tiskreoja\/blogi\/kodu-invego-rajatud-elurajoonis-kuidas-loome-ja-kuidas-hoiame\/#breadcrumb\",\"itemListElement\":[{\"@type\":\"ListItem\",\"position\":1,\"name\":\"Home\",\"item\":\"https:\/\/invego.ee\/tiskreoja\/\"},{\"@type\":\"ListItem\",\"position\":2,\"name\":\"Kodu Invego rajatud elurajoonis: kuidas loome ja kuidas hoiame?\"}]},{\"@type\":\"WebSite\",\"@id\":\"https:\/\/invego.ee\/tiskreoja\/#website\",\"url\":\"https:\/\/invego.ee\/tiskreoja\/\",\"name\":\"Tiskreoja - loome tulevikustandardi\",\"description\":\"Tiskreoja on terviklik tuleviku elukeskkond \u00fcmbritsetud roheluse ja rohkete vaba aja veetmise v\u00f5imalustega.\",\"publisher\":{\"@id\":\"https:\/\/invego.ee\/tiskreoja\/#organization\"},\"potentialAction\":[{\"@type\":\"SearchAction\",\"target\":{\"@type\":\"EntryPoint\",\"urlTemplate\":\"https:\/\/invego.ee\/tiskreoja\/?s={search_term_string}\"},\"query-input\":{\"@type\":\"PropertyValueSpecification\",\"valueRequired\":true,\"valueName\":\"search_term_string\"}}],\"inLanguage\":\"et\"},{\"@type\":\"Organization\",\"@id\":\"https:\/\/invego.ee\/tiskreoja\/#organization\",\"name\":\"Tiskreoja - loome tulevikustandardi\",\"url\":\"https:\/\/invego.ee\/tiskreoja\/\",\"logo\":{\"@type\":\"ImageObject\",\"inLanguage\":\"et\",\"@id\":\"https:\/\/invego.ee\/tiskreoja\/#\/schema\/logo\/image\/\",\"url\":\"https:\/\/invego.ee\/tiskreoja\/wp-content\/uploads\/2025\/04\/tiskreoja_logo_oranz.svg\",\"contentUrl\":\"https:\/\/invego.ee\/tiskreoja\/wp-content\/uploads\/2025\/04\/tiskreoja_logo_oranz.svg\",\"width\":157,\"height\":157,\"caption\":\"Tiskreoja - loome tulevikustandardi\"},\"image\":{\"@id\":\"https:\/\/invego.ee\/tiskreoja\/#\/schema\/logo\/image\/\"}},{\"@type\":\"Person\",\"@id\":\"https:\/\/invego.ee\/tiskreoja\/#\/schema\/person\/80c7ffefba6ac2406a055135303ff7ae\",\"name\":\"reaktiiv-ti\",\"image\":{\"@type\":\"ImageObject\",\"inLanguage\":\"et\",\"@id\":\"https:\/\/invego.ee\/tiskreoja\/#\/schema\/person\/image\/\",\"url\":\"https:\/\/secure.gravatar.com\/avatar\/086706b90d60fde358da496b1a20e51645a04b899cac29656649ff0aa4c3e765?s=96&d=mm&r=g\",\"contentUrl\":\"https:\/\/secure.gravatar.com\/avatar\/086706b90d60fde358da496b1a20e51645a04b899cac29656649ff0aa4c3e765?s=96&d=mm&r=g\",\"caption\":\"reaktiiv-ti\"}}]}<\/script>\n<!-- \/ Yoast SEO plugin. -->","yoast_head_json":{"title":"Kodu Invego rajatud elurajoonis: kuidas loome ja kuidas hoiame?","robots":{"index":"index","follow":"follow","max-snippet":"max-snippet:-1","max-image-preview":"max-image-preview:large","max-video-preview":"max-video-preview:-1"},"canonical":"https:\/\/invego.ee\/tiskreoja\/blogi\/kodu-invego-rajatud-elurajoonis-kuidas-loome-ja-kuidas-hoiame\/","og_locale":"et_EE","og_type":"article","og_title":"Kodu Invego rajatud elurajoonis: kuidas loome ja kuidas hoiame?","og_url":"https:\/\/invego.ee\/tiskreoja\/blogi\/kodu-invego-rajatud-elurajoonis-kuidas-loome-ja-kuidas-hoiame\/","og_site_name":"Tiskreoja - loome tulevikustandardi","article_published_time":"2023-11-10T11:29:24+00:00","article_modified_time":"2023-11-10T11:29:25+00:00","og_image":[{"width":2547,"height":1431,"url":"https:\/\/invego.ee\/tiskreoja\/wp-content\/uploads\/2023\/11\/TiksreOjaSummerSunset-14-min-scaled-1.jpg","type":"image\/jpeg"}],"author":"reaktiiv-ti","twitter_card":"summary_large_image","schema":{"@context":"https:\/\/schema.org","@graph":[{"@type":"Article","@id":"https:\/\/invego.ee\/tiskreoja\/blogi\/kodu-invego-rajatud-elurajoonis-kuidas-loome-ja-kuidas-hoiame\/#article","isPartOf":{"@id":"https:\/\/invego.ee\/tiskreoja\/blogi\/kodu-invego-rajatud-elurajoonis-kuidas-loome-ja-kuidas-hoiame\/"},"author":{"name":"reaktiiv-ti","@id":"https:\/\/invego.ee\/tiskreoja\/#\/schema\/person\/80c7ffefba6ac2406a055135303ff7ae"},"headline":"Kodu Invego rajatud elurajoonis: kuidas loome ja kuidas hoiame?","datePublished":"2023-11-10T11:29:24+00:00","dateModified":"2023-11-10T11:29:25+00:00","mainEntityOfPage":{"@id":"https:\/\/invego.ee\/tiskreoja\/blogi\/kodu-invego-rajatud-elurajoonis-kuidas-loome-ja-kuidas-hoiame\/"},"wordCount":312,"publisher":{"@id":"https:\/\/invego.ee\/tiskreoja\/#organization"},"image":{"@id":"https:\/\/invego.ee\/tiskreoja\/blogi\/kodu-invego-rajatud-elurajoonis-kuidas-loome-ja-kuidas-hoiame\/#primaryimage"},"thumbnailUrl":"https:\/\/invego.ee\/tiskreoja\/wp-content\/uploads\/2023\/11\/TiksreOjaSummerSunset-14-min-scaled-1.jpg","articleSection":["Blogi"],"inLanguage":"et"},{"@type":"WebPage","@id":"https:\/\/invego.ee\/tiskreoja\/blogi\/kodu-invego-rajatud-elurajoonis-kuidas-loome-ja-kuidas-hoiame\/","url":"https:\/\/invego.ee\/tiskreoja\/blogi\/kodu-invego-rajatud-elurajoonis-kuidas-loome-ja-kuidas-hoiame\/","name":"Kodu Invego rajatud elurajoonis: kuidas loome ja kuidas hoiame?","isPartOf":{"@id":"https:\/\/invego.ee\/tiskreoja\/#website"},"primaryImageOfPage":{"@id":"https:\/\/invego.ee\/tiskreoja\/blogi\/kodu-invego-rajatud-elurajoonis-kuidas-loome-ja-kuidas-hoiame\/#primaryimage"},"image":{"@id":"https:\/\/invego.ee\/tiskreoja\/blogi\/kodu-invego-rajatud-elurajoonis-kuidas-loome-ja-kuidas-hoiame\/#primaryimage"},"thumbnailUrl":"https:\/\/invego.ee\/tiskreoja\/wp-content\/uploads\/2023\/11\/TiksreOjaSummerSunset-14-min-scaled-1.jpg","datePublished":"2023-11-10T11:29:24+00:00","dateModified":"2023-11-10T11:29:25+00:00","breadcrumb":{"@id":"https:\/\/invego.ee\/tiskreoja\/blogi\/kodu-invego-rajatud-elurajoonis-kuidas-loome-ja-kuidas-hoiame\/#breadcrumb"},"inLanguage":"et","potentialAction":[{"@type":"ReadAction","target":["https:\/\/invego.ee\/tiskreoja\/blogi\/kodu-invego-rajatud-elurajoonis-kuidas-loome-ja-kuidas-hoiame\/"]}]},{"@type":"ImageObject","inLanguage":"et","@id":"https:\/\/invego.ee\/tiskreoja\/blogi\/kodu-invego-rajatud-elurajoonis-kuidas-loome-ja-kuidas-hoiame\/#primaryimage","url":"https:\/\/invego.ee\/tiskreoja\/wp-content\/uploads\/2023\/11\/TiksreOjaSummerSunset-14-min-scaled-1.jpg","contentUrl":"https:\/\/invego.ee\/tiskreoja\/wp-content\/uploads\/2023\/11\/TiksreOjaSummerSunset-14-min-scaled-1.jpg","width":2547,"height":1431},{"@type":"BreadcrumbList","@id":"https:\/\/invego.ee\/tiskreoja\/blogi\/kodu-invego-rajatud-elurajoonis-kuidas-loome-ja-kuidas-hoiame\/#breadcrumb","itemListElement":[{"@type":"ListItem","position":1,"name":"Home","item":"https:\/\/invego.ee\/tiskreoja\/"},{"@type":"ListItem","position":2,"name":"Kodu Invego rajatud elurajoonis: kuidas loome ja kuidas hoiame?"}]},{"@type":"WebSite","@id":"https:\/\/invego.ee\/tiskreoja\/#website","url":"https:\/\/invego.ee\/tiskreoja\/","name":"Tiskreoja - loome tulevikustandardi","description":"Tiskreoja on terviklik tuleviku elukeskkond \u00fcmbritsetud roheluse ja rohkete vaba aja veetmise v\u00f5imalustega.","publisher":{"@id":"https:\/\/invego.ee\/tiskreoja\/#organization"},"potentialAction":[{"@type":"SearchAction","target":{"@type":"EntryPoint","urlTemplate":"https:\/\/invego.ee\/tiskreoja\/?s={search_term_string}"},"query-input":{"@type":"PropertyValueSpecification","valueRequired":true,"valueName":"search_term_string"}}],"inLanguage":"et"},{"@type":"Organization","@id":"https:\/\/invego.ee\/tiskreoja\/#organization","name":"Tiskreoja - loome tulevikustandardi","url":"https:\/\/invego.ee\/tiskreoja\/","logo":{"@type":"ImageObject","inLanguage":"et","@id":"https:\/\/invego.ee\/tiskreoja\/#\/schema\/logo\/image\/","url":"https:\/\/invego.ee\/tiskreoja\/wp-content\/uploads\/2025\/04\/tiskreoja_logo_oranz.svg","contentUrl":"https:\/\/invego.ee\/tiskreoja\/wp-content\/uploads\/2025\/04\/tiskreoja_logo_oranz.svg","width":157,"height":157,"caption":"Tiskreoja - loome tulevikustandardi"},"image":{"@id":"https:\/\/invego.ee\/tiskreoja\/#\/schema\/logo\/image\/"}},{"@type":"Person","@id":"https:\/\/invego.ee\/tiskreoja\/#\/schema\/person\/80c7ffefba6ac2406a055135303ff7ae","name":"reaktiiv-ti","image":{"@type":"ImageObject","inLanguage":"et","@id":"https:\/\/invego.ee\/tiskreoja\/#\/schema\/person\/image\/","url":"https:\/\/secure.gravatar.com\/avatar\/086706b90d60fde358da496b1a20e51645a04b899cac29656649ff0aa4c3e765?s=96&d=mm&r=g","contentUrl":"https:\/\/secure.gravatar.com\/avatar\/086706b90d60fde358da496b1a20e51645a04b899cac29656649ff0aa4c3e765?s=96&d=mm&r=g","caption":"reaktiiv-ti"}}]}},"author_meta":{"display_name":"reaktiiv-ti","author_link":"https:\/\/invego.ee\/tiskreoja\/author\/reaktiiv-ti\/"},"featured_img":"https:\/\/invego.ee\/tiskreoja\/wp-content\/uploads\/2023\/11\/TiksreOjaSummerSunset-14-min-scaled-1-250x140.jpg","coauthors":[],"tax_additional":{"categories":{"linked":["<a href=\"https:\/\/invego.ee\/tiskreoja\/blogi\/\" class=\"advgb-post-tax-term\">Blogi<\/a>"],"unlinked":["<span class=\"advgb-post-tax-term\">Blogi<\/span>"]}},"comment_count":"0","relative_dates":{"created":"Posted 2 aastat ago","modified":"Updated 2 aastat ago"},"absolute_dates":{"created":"Posted on november 10, 2023","modified":"Updated on november 10, 2023"},"absolute_dates_time":{"created":"Posted on november 10, 2023 1:29 p.l.","modified":"Updated on november 10, 2023 1:29 p.l."},"featured_img_caption":"","series_order":"","_links":{"self":[{"href":"https:\/\/invego.ee\/tiskreoja\/wp-json\/wp\/v2\/posts\/11015","targetHints":{"allow":["GET"]}}],"collection":[{"href":"https:\/\/invego.ee\/tiskreoja\/wp-json\/wp\/v2\/posts"}],"about":[{"href":"https:\/\/invego.ee\/tiskreoja\/wp-json\/wp\/v2\/types\/post"}],"author":[{"embeddable":true,"href":"https:\/\/invego.ee\/tiskreoja\/wp-json\/wp\/v2\/users\/2"}],"replies":[{"embeddable":true,"href":"https:\/\/invego.ee\/tiskreoja\/wp-json\/wp\/v2\/comments?post=11015"}],"version-history":[{"count":1,"href":"https:\/\/invego.ee\/tiskreoja\/wp-json\/wp\/v2\/posts\/11015\/revisions"}],"predecessor-version":[{"id":11019,"href":"https:\/\/invego.ee\/tiskreoja\/wp-json\/wp\/v2\/posts\/11015\/revisions\/11019"}],"wp:featuredmedia":[{"embeddable":true,"href":"https:\/\/invego.ee\/tiskreoja\/wp-json\/wp\/v2\/media\/11016"}],"wp:attachment":[{"href":"https:\/\/invego.ee\/tiskreoja\/wp-json\/wp\/v2\/media?parent=11015"}],"wp:term":[{"taxonomy":"category","embeddable":true,"href":"https:\/\/invego.ee\/tiskreoja\/wp-json\/wp\/v2\/categories?post=11015"},{"taxonomy":"post_tag","embeddable":true,"href":"https:\/\/invego.ee\/tiskreoja\/wp-json\/wp\/v2\/tags?post=11015"}],"curies":[{"name":"wp","href":"https:\/\/api.w.org\/{rel}","templated":true}]}}